{"id":102,"date":"2007-09-16T17:54:00","date_gmt":"2007-09-16T15:54:00","guid":{"rendered":"http:\/\/oskarochjosefin.se\/index.php\/2007\/09\/16\/fest-igar-och-lugn-sondag-idag\/"},"modified":"2007-09-16T23:19:38","modified_gmt":"2007-09-16T21:19:38","slug":"fest-igar-och-lugn-sondag-idag","status":"publish","type":"post","link":"https:\/\/oskarochjosefin.se\/index.php\/2007\/09\/16\/fest-igar-och-lugn-sondag-idag\/","title":{"rendered":"Fest ig\u00e5r och lugn s\u00f6ndag idag"},"content":{"rendered":"<p>Ig\u00e5r var vi p\u00e5 Annika och Sarahs gemensamma 25-\u00e5rsfest. Det b\u00f6rjade klockan 19 och vi kom dit lite efter sju (l\u00e4s tjugo \u00f6ver) och det var redan en hel del d\u00e4r. Sen k\u00f6rde allt i g\u00e5ng, bordsplacering, j\u00e4ttegod buff\u00e9, s\u00e5nger, dans och ja, massa r\u00f6dvin, lite kaffe och m\u00e5nga roliga personer. Det var \u00e4ven j\u00e4tteskoj att tr\u00e4ffa Liza och Emma igen, det var ju ett tag sedan sist! Och eftersom det var kavaj som kl\u00e4dsel var alla finkl\u00e4dda (\u00e4ven vi!) och det var kul att alla s\u00e5g s\u00e5 fina ut! Jag f\u00f6rs\u00f6kte mig p\u00e5 att sminka mig som jag l\u00e4rde mig p\u00e5 spa:et. Det gick okej.. har aldrig haft s\u00e5 mycket mascara p\u00e5 mig (f\u00f6rutom p\u00e5 spa:et d\u00e5)!<\/p>\n<p>P\u00e5 grund av festen blev det en lugn s\u00f6ndagsmorgon och en sen frukost \u00e5tf\u00f6ljt av en sk\u00f6n s\u00f6ndagspromenad i solsken (!). Efter det plockade vi ner i diskmaskinen (k\u00e4nns fortfarande lyxigt!) och lagade lite mat. Eftersom vi aldrig verkar ha saker hemma som man kan g\u00f6ra saker med, fick vi freestyla lite. Oskar gjorde cr\u00eapes och jag gjorde fyllning.<\/p>\n<p>Oskar anv\u00e4nde sig av detta recept till<a href=\"http:\/\/www.menyse.com\/action\/reciphttp:\/\/www.menyse.com\/action\/recipe?recipeid=485\" target=\"_blank\"> cr\u00eapsen<\/a> (han gjorde den &#8221;svenska&#8221; smeten)  och de blev j\u00e4ttefina!<\/p>\n<p><a href=\"https:\/\/oskarochjosefin.se\/index.php\/2007\/09\/16\/fest-igar-och-lugn-sondag-idag\/oskar-vid-spisen\/\" rel=\"attachment wp-att-103\" title=\"oskar vid spisen\"><img decoding=\"async\" src=\"https:\/\/oskarochjosefin.se\/wp-content\/uploads\/2007\/09\/cr3.jpg\" alt=\"oskar vid spisen\" \/><\/a><\/p>\n<p>Receptet p\u00e5 fyllningen \u00e4r som f\u00f6ljer:<\/p>\n<ul>\n<li>2 quornfil\u00e9er<\/li>\n<li>1 scharlottenl\u00f6k<\/li>\n<li>\u00bd burk kik\u00e4rtor<\/li>\n<li>\u00bd pkt minifraische<\/li>\n<li>3 msk tacos\u00e5s<\/li>\n<li>1 msk tomatpur\u00e9<\/li>\n<li>2 skivor ost<\/li>\n<li>sambal olek<\/li>\n<li>persillade<\/li>\n<li>salt<\/li>\n<\/ul>\n<p>S\u00e5h\u00e4r gjorde jag: Fr\u00e4ste l\u00f6k och upphackade quornfil\u00e9er i lite olja. Kryddade med lite persillade (eftersom jag inte k\u00e4nde f\u00f6r att pressa vitl\u00f6k), h\u00e4llde p\u00e5 kik\u00e4rtorna och l\u00e4t allting steka tillsammans ett litet tag. Sen tillsatte jag minifraischen, tomatpur\u00e9n och tacos\u00e5sen rakt ner i stekpannan. Till sist lite salt och sambal olek efter smak och tycke. Vi gjorde det ganska starkt \ud83d\ude42 Superl\u00e4tt i alla fall.<\/p>\n<p><a href=\"https:\/\/oskarochjosefin.se\/index.php\/2007\/09\/16\/fest-igar-och-lugn-sondag-idag\/precis-uttagna-ur-ugnen\/\" rel=\"attachment wp-att-104\" title=\"Precis uttagna ur ugnen\"><img decoding=\"async\" src=\"https:\/\/oskarochjosefin.se\/wp-content\/uploads\/2007\/09\/cr2.jpg\" alt=\"Precis uttagna ur ugnen\" \/><\/a><\/p>\n<p><a href=\"https:\/\/oskarochjosefin.se\/index.php\/2007\/09\/16\/fest-igar-och-lugn-sondag-idag\/dagens-lunch\/\" rel=\"attachment wp-att-105\" title=\"Dagens lunch\"><img decoding=\"async\" src=\"https:\/\/oskarochjosefin.se\/wp-content\/uploads\/2007\/09\/cr1.jpg\" alt=\"Dagens lunch\" \/><\/a><\/p>\n<p>Receptet r\u00e4ckte perfekt till 6 stycken cr\u00eapes. Vilket betyder att jag f\u00e5r cr\u00eapes med mig i lunchl\u00e5dan imorgon. Jippi! Nu ska jag forts\u00e4tta att kolla upp lite kvalitetskriterier f\u00f6r hemsidor och lyssna p\u00e5 min iPod (just nu Sahara Hotnights) medan Oskar pluggar p\u00e5 i soffan.<\/p>\n","protected":false},"excerpt":{"rendered":"<p>Ig\u00e5r var vi p\u00e5 Annika och Sarahs gemensamma 25-\u00e5rsfest. Det b\u00f6rjade klockan 19 och vi kom dit lite efter sju (l\u00e4s tjugo \u00f6ver) och det var redan en hel del d\u00e4r. Sen k\u00f6rde allt i g\u00e5ng, bordsplacering, j\u00e4ttegod buff\u00e9, s\u00e5nger, dans och ja, massa r\u00f6dvin, lite kaffe och m\u00e5nga roliga personer. Det var \u00e4ven j\u00e4tteskoj &hellip; <a href=\"https:\/\/oskarochjosefin.se\/index.php\/2007\/09\/16\/fest-igar-och-lugn-sondag-idag\/\" class=\"more-link\">Forts\u00e4tt l\u00e4sa <span class=\"screen-reader-text\">Fest ig\u00e5r och lugn s\u00f6ndag idag<\/span> <span class=\"meta-nav\">&rarr;<\/span><\/a><\/p>\n","protected":false},"author":2,"featured_media":0,"comment_status":"open","ping_status":"open","sticky":false,"template":"","format":"standard","meta":{"footnotes":""},"categories":[4],"tags":[],"class_list":["post-102","post","type-post","status-publish","format-standard","hentry","category-josefin"],"_links":{"self":[{"href":"https:\/\/oskarochjosefin.se\/index.php\/wp-json\/wp\/v2\/posts\/102","targetHints":{"allow":["GET"]}}],"collection":[{"href":"https:\/\/oskarochjosefin.se\/index.php\/wp-json\/wp\/v2\/posts"}],"about":[{"href":"https:\/\/oskarochjosefin.se\/index.php\/wp-json\/wp\/v2\/types\/post"}],"author":[{"embeddable":true,"href":"https:\/\/oskarochjosefin.se\/index.php\/wp-json\/wp\/v2\/users\/2"}],"replies":[{"embeddable":true,"href":"https:\/\/oskarochjosefin.se\/index.php\/wp-json\/wp\/v2\/comments?post=102"}],"version-history":[{"count":0,"href":"https:\/\/oskarochjosefin.se\/index.php\/wp-json\/wp\/v2\/posts\/102\/revisions"}],"wp:attachment":[{"href":"https:\/\/oskarochjosefin.se\/index.php\/wp-json\/wp\/v2\/media?parent=102"}],"wp:term":[{"taxonomy":"category","embeddable":true,"href":"https:\/\/oskarochjosefin.se\/index.php\/wp-json\/wp\/v2\/categories?post=102"},{"taxonomy":"post_tag","embeddable":true,"href":"https:\/\/oskarochjosefin.se\/index.php\/wp-json\/wp\/v2\/tags?post=102"}],"curies":[{"name":"wp","href":"https:\/\/api.w.org\/{rel}","templated":true}]}}