{"id":1108,"date":"2009-03-02T14:24:52","date_gmt":"2009-03-02T13:24:52","guid":{"rendered":"http:\/\/oskarochjosefin.se\/?p=1108"},"modified":"2009-03-02T14:24:52","modified_gmt":"2009-03-02T13:24:52","slug":"bebisbio","status":"publish","type":"post","link":"https:\/\/oskarochjosefin.se\/index.php\/2009\/03\/02\/bebisbio\/","title":{"rendered":"Bebisbio!"},"content":{"rendered":"<p><img loading=\"lazy\" decoding=\"async\" class=\"alignright\" style=\"margin-left: 5px; margin-right: 5px;\" title=\"Waltz with Bashir\" src=\"http:\/\/www.moviemachine.nl\/images\/movies\/waltz_with_bashir1.jpg\" alt=\"\" width=\"139\" height=\"219\" \/>Idag h\u00e4nde det f\u00f6r f\u00f6rsta g\u00e5ngen &#8211; Gusten och hans pappa tittade p\u00e5 biofilm tillsammans! Gustens mamma invidge ju fenomenet bebisbio <a href=\"https:\/\/oskarochjosefin.se\/index.php\/2008\/12\/08\/den-lille-kulturarbetaren\/\">redan i december f\u00f6rra \u00e5ret<\/a>, men idag var allts\u00e5 f\u00f6rsta g\u00e5ngen som hela familjen gick p\u00e5 bio tillsammans.<\/p>\n<p>Vi tittade p\u00e5 den mycket omtalade <a href=\"http:\/\/waltzwithbashir.com\/\">Waltz with Bashir<\/a> och det var verkligen en upplevelse. Skriver mer om sj\u00e4lva filmen p\u00e5 film.nu-bloggen inom n\u00e5gra dagar, men oj vad roligt det var att \u00e4ntligen f\u00e5 g\u00e5 p\u00e5 bio igen. Det var en ganska stor samling (f\u00f6r att vara bebisbio) f\u00f6r\u00e4ldrar och bebisar som hade samlats i <a href=\"http:\/\/www.kino.nu\/\">Kinos<\/a> stora salong. Josefin var ju veteranen bland oss och tog det lugnt, medan jag v\u00e4ntade med sp\u00e4nning p\u00e5 hur mycket de skulle sl\u00e4cka ner, hur h\u00f6g volym det skulle vara och hur alla bebisarna skulle agera. Gusten hade somnat p\u00e5 v\u00e4gen till bion, s\u00e5 f\u00f6rsta 20-30 minuterna var det ingen direkt skillnad. Det var bara jag och Josi p\u00e5 bio, s\u00e5 som det alltid tidigare har varit. Men efter ett tag s\u00e5 h\u00f6rde vi ett litet tillrop fr\u00e5n vagnen, som stor parkerad nere vid sidan av filmduken, och jag gick ner och h\u00e4mtade upp Gusten till oss. Han lekte ett tag i mitt kn\u00e4 men ville snart \u00e4ta. S\u00e5 han \u00e5t lite och vi tittade lugnt vidare p\u00e5 filmen och efter ett tag satt han och lekte i mitt kn\u00e4 igen. De andra bebiserna tittade tyst p\u00e5 filmen, eller sov i sina vagnar eller \u00e5t lite hos sina f\u00f6r\u00e4ldrar. Jag var beredd p\u00e5 mycket mera liv, som sig b\u00f6r med sm\u00e5 barn, men det var faktiskt ovanligt lugnt f\u00f6r att vara en samling med nyckfulla sm\u00e5 bebiscineaster.<\/p>\n<p>Allt som allt var det extremt lyckat och n\u00e5got som jag snart vill g\u00f6ra om igen!<\/p>\n","protected":false},"excerpt":{"rendered":"<p>Idag h\u00e4nde det f\u00f6r f\u00f6rsta g\u00e5ngen &#8211; Gusten och hans pappa tittade p\u00e5 biofilm tillsammans! Gustens mamma invidge ju fenomenet bebisbio redan i december f\u00f6rra \u00e5ret, men idag var allts\u00e5 f\u00f6rsta g\u00e5ngen som hela familjen gick p\u00e5 bio tillsammans. Vi tittade p\u00e5 den mycket omtalade Waltz with Bashir och det var verkligen en upplevelse. Skriver &hellip; <a href=\"https:\/\/oskarochjosefin.se\/index.php\/2009\/03\/02\/bebisbio\/\" class=\"more-link\">Forts\u00e4tt l\u00e4sa <span class=\"screen-reader-text\">Bebisbio!<\/span> <span class=\"meta-nav\">&rarr;<\/span><\/a><\/p>\n","protected":false},"author":2,"featured_media":0,"comment_status":"open","ping_status":"open","sticky":false,"template":"","format":"standard","meta":{"footnotes":""},"categories":[3],"tags":[414,413,415],"class_list":["post-1108","post","type-post","status-publish","format-standard","hentry","category-oskar","tag-bebisbio","tag-bio","tag-waltz-with-bashir"],"_links":{"self":[{"href":"https:\/\/oskarochjosefin.se\/index.php\/wp-json\/wp\/v2\/posts\/1108","targetHints":{"allow":["GET"]}}],"collection":[{"href":"https:\/\/oskarochjosefin.se\/index.php\/wp-json\/wp\/v2\/posts"}],"about":[{"href":"https:\/\/oskarochjosefin.se\/index.php\/wp-json\/wp\/v2\/types\/post"}],"author":[{"embeddable":true,"href":"https:\/\/oskarochjosefin.se\/index.php\/wp-json\/wp\/v2\/users\/2"}],"replies":[{"embeddable":true,"href":"https:\/\/oskarochjosefin.se\/index.php\/wp-json\/wp\/v2\/comments?post=1108"}],"version-history":[{"count":2,"href":"https:\/\/oskarochjosefin.se\/index.php\/wp-json\/wp\/v2\/posts\/1108\/revisions"}],"predecessor-version":[{"id":1110,"href":"https:\/\/oskarochjosefin.se\/index.php\/wp-json\/wp\/v2\/posts\/1108\/revisions\/1110"}],"wp:attachment":[{"href":"https:\/\/oskarochjosefin.se\/index.php\/wp-json\/wp\/v2\/media?parent=1108"}],"wp:term":[{"taxonomy":"category","embeddable":true,"href":"https:\/\/oskarochjosefin.se\/index.php\/wp-json\/wp\/v2\/categories?post=1108"},{"taxonomy":"post_tag","embeddable":true,"href":"https:\/\/oskarochjosefin.se\/index.php\/wp-json\/wp\/v2\/tags?post=1108"}],"curies":[{"name":"wp","href":"https:\/\/api.w.org\/{rel}","templated":true}]}}