{"id":1226,"date":"2009-03-29T15:08:45","date_gmt":"2009-03-29T14:08:45","guid":{"rendered":"http:\/\/oskarochjosefin.se\/?p=1226"},"modified":"2009-03-29T15:12:37","modified_gmt":"2009-03-29T14:12:37","slug":"den-8e-tv-kanalen","status":"publish","type":"post","link":"https:\/\/oskarochjosefin.se\/index.php\/2009\/03\/29\/den-8e-tv-kanalen\/","title":{"rendered":"Den 8:e TV-kanalen?"},"content":{"rendered":"<p><img loading=\"lazy\" decoding=\"async\" class=\"alignright\" title=\"Com Hem\" src=\"https:\/\/www.comhem.se\/framework\/skins\/comhem\/images\/chrome\/ComHem_logotype.gif\" alt=\"\" width=\"81\" height=\"79\" \/>Vi har best\u00e4mt oss f\u00f6r att nedgradera TV-utbudet h\u00e4r hemma. Vi har haft Com Hem:s <em><a href=\"https:\/\/www.comhem.se\/portal\/comhem\/tv_large\">Large-utbud<\/a> <\/em>nu ett tag, under deras pr\u00f6va-p\u00e5-kampanj, och innan hade vi deras <a href=\"https:\/\/www.comhem.se\/portal\/comhem\/tv_medium_kanaler\"><em>Medium<\/em>-utbud<\/a>. Men f\u00f6r att vara tv\u00e5 v\u00e4ldigt TV-intresserade individer s\u00e5 tittar vi ovanligt lite p\u00e5 den tabl\u00e5styrda televisionen. Jag f\u00f6ljer i stort sett inga TV-tider slavisk alls, och Josefin prickar in n\u00e5gra f\u00e5 program i veckan. Men vi f\u00e5r ju f\u00e5r besk\u00e4rda del \u00e4nd\u00e5, fast det talar vi tyst om (Hej <a href=\"http:\/\/sv.wikipedia.org\/wiki\/Ipred-lagen\">IPRED<\/a>!). Och numer f\u00f6rs\u00f6ker vi ocks\u00e5 st\u00e4nga av TV:n alltmer, n\u00e4r vi inte tittar p\u00e5 den aktivt, eftersom vi har en liten bebis som verkar lite <em>f\u00f6r <\/em>intresserad av mediebruset.<\/p>\n<p>I alla fall har vi best\u00e4mt oss f\u00f6r att satsa p\u00e5 Com Hem:s <a href=\"https:\/\/www.comhem.se\/portal\/comhem\/tv_medium8\"><em>Medium 8 favoriter<\/em><\/a>, d\u00e4r man f\u00e5r basutbudet och sen v\u00e4ljer till \u00e5tta kanaler. Vi hade inga st\u00f6rre problem att v\u00e4lja 6-7 bra kanaler som vi vill ha, f\u00f6rutom grundutbudet av SVT1, SVT2, SVT24, Barnkanalen, Kunskapskanalen, SVT HD, TV4, TV6, TV7 och Axess TV. Men efter sju kanaler har vi allts\u00e5 k\u00f6rt fast.<\/p>\n<p>S\u00e5 nu beh\u00f6ver vi er hj\u00e4lp. Kolla p\u00e5 <a href=\"http:\/\/spreadsheets.google.com\/pub?key=pDvBZNStRZNPzru6QQ_cfFw\">det h\u00e4r dokumentet<\/a>, d\u00e4r vi har listat v\u00e5ra sju favoriter, och hj\u00e4lp oss komma fram till den \u00e5ttonde kanalen.<\/p>\n<p>Tack p\u00e5 f\u00f6rhand! \ud83d\ude42<\/p>\n","protected":false},"excerpt":{"rendered":"<p>Vi har best\u00e4mt oss f\u00f6r att nedgradera TV-utbudet h\u00e4r hemma. Vi har haft Com Hem:s Large-utbud nu ett tag, under deras pr\u00f6va-p\u00e5-kampanj, och innan hade vi deras Medium-utbud. Men f\u00f6r att vara tv\u00e5 v\u00e4ldigt TV-intresserade individer s\u00e5 tittar vi ovanligt lite p\u00e5 den tabl\u00e5styrda televisionen. Jag f\u00f6ljer i stort sett inga TV-tider slavisk alls, och &hellip; <a href=\"https:\/\/oskarochjosefin.se\/index.php\/2009\/03\/29\/den-8e-tv-kanalen\/\" class=\"more-link\">Forts\u00e4tt l\u00e4sa <span class=\"screen-reader-text\">Den 8:e TV-kanalen?<\/span> <span class=\"meta-nav\">&rarr;<\/span><\/a><\/p>\n","protected":false},"author":2,"featured_media":0,"comment_status":"open","ping_status":"open","sticky":false,"template":"","format":"standard","meta":{"footnotes":""},"categories":[3],"tags":[459,460,17],"class_list":["post-1226","post","type-post","status-publish","format-standard","hentry","category-oskar","tag-comhem","tag-kanaler","tag-tv"],"_links":{"self":[{"href":"https:\/\/oskarochjosefin.se\/index.php\/wp-json\/wp\/v2\/posts\/1226","targetHints":{"allow":["GET"]}}],"collection":[{"href":"https:\/\/oskarochjosefin.se\/index.php\/wp-json\/wp\/v2\/posts"}],"about":[{"href":"https:\/\/oskarochjosefin.se\/index.php\/wp-json\/wp\/v2\/types\/post"}],"author":[{"embeddable":true,"href":"https:\/\/oskarochjosefin.se\/index.php\/wp-json\/wp\/v2\/users\/2"}],"replies":[{"embeddable":true,"href":"https:\/\/oskarochjosefin.se\/index.php\/wp-json\/wp\/v2\/comments?post=1226"}],"version-history":[{"count":4,"href":"https:\/\/oskarochjosefin.se\/index.php\/wp-json\/wp\/v2\/posts\/1226\/revisions"}],"predecessor-version":[{"id":1230,"href":"https:\/\/oskarochjosefin.se\/index.php\/wp-json\/wp\/v2\/posts\/1226\/revisions\/1230"}],"wp:attachment":[{"href":"https:\/\/oskarochjosefin.se\/index.php\/wp-json\/wp\/v2\/media?parent=1226"}],"wp:term":[{"taxonomy":"category","embeddable":true,"href":"https:\/\/oskarochjosefin.se\/index.php\/wp-json\/wp\/v2\/categories?post=1226"},{"taxonomy":"post_tag","embeddable":true,"href":"https:\/\/oskarochjosefin.se\/index.php\/wp-json\/wp\/v2\/tags?post=1226"}],"curies":[{"name":"wp","href":"https:\/\/api.w.org\/{rel}","templated":true}]}}