{"id":1363,"date":"2009-04-27T19:46:58","date_gmt":"2009-04-27T17:46:58","guid":{"rendered":"http:\/\/oskarochjosefin.se\/?p=1363"},"modified":"2009-04-27T19:48:49","modified_gmt":"2009-04-27T17:48:49","slug":"obligatorisk-tittning-ikvall","status":"publish","type":"post","link":"https:\/\/oskarochjosefin.se\/index.php\/2009\/04\/27\/obligatorisk-tittning-ikvall\/","title":{"rendered":"Obligatorisk tittning ikv\u00e4ll"},"content":{"rendered":"<p><a class=\"image\" title=\"Albert Bonnier (1854) - fr\u00e5n Wikipedia\" href=\"http:\/\/sv.wikipedia.org\/wiki\/Fil:Albert_Bonnier_1854.jpg\"><img loading=\"lazy\" decoding=\"async\" class=\"thumbimage alignright\" style=\"border: 0pt none;\" src=\"http:\/\/upload.wikimedia.org\/wikipedia\/commons\/a\/a4\/Albert_Bonnier_1854.jpg\" border=\"0\" alt=\"\" width=\"200\" height=\"324\" \/><\/a>Ikv\u00e4ll startar dokument\u00e4rserien <a href=\"http:\/\/www.tv4.se\/1.965153\/2009\/04\/24\/dokumentarserie_skildrar_historien_om_familjen_bonnier\">Familjen Bonnier<\/a> p\u00e5 TV4 kl 20:00. Det ligger i n\u00e4stan allas intresse att f\u00e5 en st\u00f6rre inblick i den familj som har <em>absolut <\/em>st\u00f6rst inflytande p\u00e5 media i Sverige.<\/p>\n<p>Dokument\u00e4ren har pluggats hela veckan p\u00e5 TV4 med ord som &#8221;<em>familjen som vann makt \u00f6ver det fria ordet i Sverige<\/em>&#8221;. Det \u00e4r s\u00e4kert inte menat s\u00e5, men det l\u00e5ter onekligen l\u00e4skigt i mina\u00a0 \u00f6ron. Och det \u00e4r v\u00e4ldigt likt min syn p\u00e5 saken. Jag antar att dokument\u00e4ren \u00e4r mer av historisk natur, och inte s\u00e5 granskande av dagens <a href=\"http:\/\/sv.wikipedia.org\/wiki\/Bonnierkoncernen\">Bonnierkoncern<\/a>. Men jag tror det blir intressant \u00e4nd\u00e5.<\/p>\n<p>Inte missa!<\/p>\n","protected":false},"excerpt":{"rendered":"<p>Ikv\u00e4ll startar dokument\u00e4rserien Familjen Bonnier p\u00e5 TV4 kl 20:00. Det ligger i n\u00e4stan allas intresse att f\u00e5 en st\u00f6rre inblick i den familj som har absolut st\u00f6rst inflytande p\u00e5 media i Sverige. Dokument\u00e4ren har pluggats hela veckan p\u00e5 TV4 med ord som &#8221;familjen som vann makt \u00f6ver det fria ordet i Sverige&#8221;. Det \u00e4r s\u00e4kert &hellip; <a href=\"https:\/\/oskarochjosefin.se\/index.php\/2009\/04\/27\/obligatorisk-tittning-ikvall\/\" class=\"more-link\">Forts\u00e4tt l\u00e4sa <span class=\"screen-reader-text\">Obligatorisk tittning ikv\u00e4ll<\/span> <span class=\"meta-nav\">&rarr;<\/span><\/a><\/p>\n","protected":false},"author":2,"featured_media":0,"comment_status":"open","ping_status":"open","sticky":false,"template":"","format":"standard","meta":{"footnotes":""},"categories":[3],"tags":[522,524,17,523],"class_list":["post-1363","post","type-post","status-publish","format-standard","hentry","category-oskar","tag-bonnier","tag-dokumentar","tag-tv","tag-tv4"],"_links":{"self":[{"href":"https:\/\/oskarochjosefin.se\/index.php\/wp-json\/wp\/v2\/posts\/1363","targetHints":{"allow":["GET"]}}],"collection":[{"href":"https:\/\/oskarochjosefin.se\/index.php\/wp-json\/wp\/v2\/posts"}],"about":[{"href":"https:\/\/oskarochjosefin.se\/index.php\/wp-json\/wp\/v2\/types\/post"}],"author":[{"embeddable":true,"href":"https:\/\/oskarochjosefin.se\/index.php\/wp-json\/wp\/v2\/users\/2"}],"replies":[{"embeddable":true,"href":"https:\/\/oskarochjosefin.se\/index.php\/wp-json\/wp\/v2\/comments?post=1363"}],"version-history":[{"count":3,"href":"https:\/\/oskarochjosefin.se\/index.php\/wp-json\/wp\/v2\/posts\/1363\/revisions"}],"predecessor-version":[{"id":1366,"href":"https:\/\/oskarochjosefin.se\/index.php\/wp-json\/wp\/v2\/posts\/1363\/revisions\/1366"}],"wp:attachment":[{"href":"https:\/\/oskarochjosefin.se\/index.php\/wp-json\/wp\/v2\/media?parent=1363"}],"wp:term":[{"taxonomy":"category","embeddable":true,"href":"https:\/\/oskarochjosefin.se\/index.php\/wp-json\/wp\/v2\/categories?post=1363"},{"taxonomy":"post_tag","embeddable":true,"href":"https:\/\/oskarochjosefin.se\/index.php\/wp-json\/wp\/v2\/tags?post=1363"}],"curies":[{"name":"wp","href":"https:\/\/api.w.org\/{rel}","templated":true}]}}