{"id":14,"date":"2007-08-28T15:52:46","date_gmt":"2007-08-28T13:52:46","guid":{"rendered":"http:\/\/oskarochjosefin.se\/index.php\/2007\/08\/28\/jag-vill-inte-vara-sjalv\/"},"modified":"2007-08-28T16:02:10","modified_gmt":"2007-08-28T14:02:10","slug":"jag-vill-inte-vara-sjalv","status":"publish","type":"post","link":"https:\/\/oskarochjosefin.se\/index.php\/2007\/08\/28\/jag-vill-inte-vara-sjalv\/","title":{"rendered":"Jag vill inte vara sj\u00e4lv"},"content":{"rendered":"<p><img loading=\"lazy\" decoding=\"async\" src=\"http:\/\/static.cdon.com\/000\/536\/536826.jpg\" title=\"S\u00e4kert!\" alt=\"S\u00e4kert!\" align=\"right\" height=\"135\" hspace=\"10\" vspace=\"10\" width=\"135\" \/>Ett av \u00e5rets hetaste skivtips m\u00e5ste vara <a href=\"http:\/\/www.myspace.com\/sakert\">S\u00e4kert!<\/a>:s debutplatta. N\u00e5gra av l\u00e5tarna har funnits d\u00e4r hos mig hela sommaren och hon bj\u00f6d p\u00e5 en av de b\u00e4sta konserterna p\u00e5 Way Out West. Men nu f\u00f6rst i slutet av sommaren k\u00f6pte Josefin skivan och oj vad bra hela albumet \u00e4r<\/p>\n<p>L\u00e5t efter l\u00e5t \u00e4r klockren! Sm\u00e5 fantastiska dikter med otroligt mycket hj\u00e4rta. Just nu \u00e4r den absoluta favoriten &#8221;N\u00e5gon g\u00e5ng m\u00e5ste du bli sj\u00e4lv&#8221; som ni kan lyssna p\u00e5 i menyn till h\u00f6ger. S\u00e5 otroligt vacker! Annars \u00e4r jag v\u00e4ldigt svar f\u00f6r sista sp\u00e5ret ocks\u00e5 &#8211; &#8221;\u00c4r du fortfarane arg?&#8221;. De som k\u00e4nner mig vet att jag g\u00e5r ig\u00e5ng p\u00e5 l\u00e5tar som \u00e4r utformade som brev till n\u00e5gon n\u00e4ra. Lars Winnerb\u00e4cks &#8221;Elden&#8221; och Th\u00e5str\u00f6ms &#8221;Brev till 10:e v\u00e5ningen&#8221; \u00e4r tv\u00e5 utm\u00e4rkta exempel. \u00c4ven Winnerb\u00e4cks &#8221;Elegi&#8221; snuddar vid det. Det finns n\u00e4stan inget b\u00e4ttre inom musik.<\/p>\n<p>S\u00e5 S\u00e4kert! \u00e4r ett absolut m\u00e5ste och f\u00f6r alla er som inte redan gjort det, k\u00f6p eller ladda hem den nu!<\/p>\n<p>Nu ska jag fika med Anna. Josefin har g\u00e5tt och jobbat p\u00e5 biblioteket. Ikv\u00e4ll ska jag f\u00f6rs\u00f6ka lura hit Bart s\u00e5 att jag kan f\u00e5 bort det d\u00e4r j-la sk\u00e5pet d\u00e4r v\u00e5r nya diskmaskin ska st\u00e5. Om vi lyckas ska han f\u00e5 pizza. Annars f\u00e5r han ingenting!<\/p>\n","protected":false},"excerpt":{"rendered":"<p>Ett av \u00e5rets hetaste skivtips m\u00e5ste vara S\u00e4kert!:s debutplatta. N\u00e5gra av l\u00e5tarna har funnits d\u00e4r hos mig hela sommaren och hon bj\u00f6d p\u00e5 en av de b\u00e4sta konserterna p\u00e5 Way Out West. Men nu f\u00f6rst i slutet av sommaren k\u00f6pte Josefin skivan och oj vad bra hela albumet \u00e4r L\u00e5t efter l\u00e5t \u00e4r klockren! Sm\u00e5 &hellip; <a href=\"https:\/\/oskarochjosefin.se\/index.php\/2007\/08\/28\/jag-vill-inte-vara-sjalv\/\" class=\"more-link\">Forts\u00e4tt l\u00e4sa <span class=\"screen-reader-text\">Jag vill inte vara sj\u00e4lv<\/span> <span class=\"meta-nav\">&rarr;<\/span><\/a><\/p>\n","protected":false},"author":2,"featured_media":0,"comment_status":"open","ping_status":"open","sticky":false,"template":"","format":"standard","meta":{"footnotes":""},"categories":[3],"tags":[],"class_list":["post-14","post","type-post","status-publish","format-standard","hentry","category-oskar"],"_links":{"self":[{"href":"https:\/\/oskarochjosefin.se\/index.php\/wp-json\/wp\/v2\/posts\/14","targetHints":{"allow":["GET"]}}],"collection":[{"href":"https:\/\/oskarochjosefin.se\/index.php\/wp-json\/wp\/v2\/posts"}],"about":[{"href":"https:\/\/oskarochjosefin.se\/index.php\/wp-json\/wp\/v2\/types\/post"}],"author":[{"embeddable":true,"href":"https:\/\/oskarochjosefin.se\/index.php\/wp-json\/wp\/v2\/users\/2"}],"replies":[{"embeddable":true,"href":"https:\/\/oskarochjosefin.se\/index.php\/wp-json\/wp\/v2\/comments?post=14"}],"version-history":[{"count":0,"href":"https:\/\/oskarochjosefin.se\/index.php\/wp-json\/wp\/v2\/posts\/14\/revisions"}],"wp:attachment":[{"href":"https:\/\/oskarochjosefin.se\/index.php\/wp-json\/wp\/v2\/media?parent=14"}],"wp:term":[{"taxonomy":"category","embeddable":true,"href":"https:\/\/oskarochjosefin.se\/index.php\/wp-json\/wp\/v2\/categories?post=14"},{"taxonomy":"post_tag","embeddable":true,"href":"https:\/\/oskarochjosefin.se\/index.php\/wp-json\/wp\/v2\/tags?post=14"}],"curies":[{"name":"wp","href":"https:\/\/api.w.org\/{rel}","templated":true}]}}