{"id":1518,"date":"2009-06-09T19:22:25","date_gmt":"2009-06-09T17:22:25","guid":{"rendered":"http:\/\/oskarochjosefin.se\/index.php\/2009\/06\/09\/kvallsmat-2\/"},"modified":"2009-06-09T19:22:25","modified_gmt":"2009-06-09T17:22:25","slug":"kvallsmat-2","status":"publish","type":"post","link":"https:\/\/oskarochjosefin.se\/index.php\/2009\/06\/09\/kvallsmat-2\/","title":{"rendered":"Kv\u00e4llsmat"},"content":{"rendered":"<p><center><a href=\"http:\/\/www.flickr.com\/photos\/oskarochjosefin\/3610704393\/\" title=\"photo sharing\"><img decoding=\"async\" src=\"http:\/\/farm4.static.flickr.com\/3311\/3610704393_f16908af21_m.jpg\" alt=\"\" \/><\/a><\/center><br \/>\nMedan Gusten eftermiddagsvilade lagade vi en fin lasagne med zucchini, paprika, majs, l\u00f6k, osts\u00e5s och vegof\u00e4rs. Toppad med grat\u00e4ngost och v\u00e4sterbottensost. Nu \u00e4r det matdags!<\/p>\n<div style=\"text-align: right;\">\n<p><small>Postat direkt fr\u00e5n mobil\/iPod via <a href=\"http:\/\/www.flickr.com\/photos\/oskarochjosefin\/\">flickr<\/a>.<\/small><\/p>\n<\/div>\n","protected":false},"excerpt":{"rendered":"<p>Medan Gusten eftermiddagsvilade lagade vi en fin lasagne med zucchini, paprika, majs, l\u00f6k, osts\u00e5s och vegof\u00e4rs. Toppad med grat\u00e4ngost och v\u00e4sterbottensost. Nu \u00e4r det matdags! Postat direkt fr\u00e5n mobil\/iPod via flickr.<\/p>\n","protected":false},"author":2,"featured_media":0,"comment_status":"open","ping_status":"open","sticky":false,"template":"","format":"standard","meta":{"footnotes":""},"categories":[3],"tags":[],"class_list":["post-1518","post","type-post","status-publish","format-standard","hentry","category-oskar"],"_links":{"self":[{"href":"https:\/\/oskarochjosefin.se\/index.php\/wp-json\/wp\/v2\/posts\/1518","targetHints":{"allow":["GET"]}}],"collection":[{"href":"https:\/\/oskarochjosefin.se\/index.php\/wp-json\/wp\/v2\/posts"}],"about":[{"href":"https:\/\/oskarochjosefin.se\/index.php\/wp-json\/wp\/v2\/types\/post"}],"author":[{"embeddable":true,"href":"https:\/\/oskarochjosefin.se\/index.php\/wp-json\/wp\/v2\/users\/2"}],"replies":[{"embeddable":true,"href":"https:\/\/oskarochjosefin.se\/index.php\/wp-json\/wp\/v2\/comments?post=1518"}],"version-history":[{"count":0,"href":"https:\/\/oskarochjosefin.se\/index.php\/wp-json\/wp\/v2\/posts\/1518\/revisions"}],"wp:attachment":[{"href":"https:\/\/oskarochjosefin.se\/index.php\/wp-json\/wp\/v2\/media?parent=1518"}],"wp:term":[{"taxonomy":"category","embeddable":true,"href":"https:\/\/oskarochjosefin.se\/index.php\/wp-json\/wp\/v2\/categories?post=1518"},{"taxonomy":"post_tag","embeddable":true,"href":"https:\/\/oskarochjosefin.se\/index.php\/wp-json\/wp\/v2\/tags?post=1518"}],"curies":[{"name":"wp","href":"https:\/\/api.w.org\/{rel}","templated":true}]}}