{"id":1608,"date":"2009-07-07T22:07:39","date_gmt":"2009-07-07T20:07:39","guid":{"rendered":"http:\/\/oskarochjosefin.se\/?p=1608"},"modified":"2009-07-09T22:38:27","modified_gmt":"2009-07-09T20:38:27","slug":"nagot-att-appladera-for","status":"publish","type":"post","link":"https:\/\/oskarochjosefin.se\/index.php\/2009\/07\/07\/nagot-att-appladera-for\/","title":{"rendered":"N\u00e5got att appl\u00e5dera f\u00f6r"},"content":{"rendered":"<p style=\"text-align: center;\"><a href=\"http:\/\/www.flickr.com\/photos\/oskarochjosefin\/3699126876\/\"><img loading=\"lazy\" decoding=\"async\" class=\"reflect aligncenter\" src=\"http:\/\/farm3.static.flickr.com\/2621\/3699126876_12b2102421.jpg?v=0\" alt=\"Gusten h\u00e4nger by you.\" width=\"500\" height=\"333\" \/><\/a><\/p>\n<p>Sommaren p\u00e5 Gotland 2009 flyter p\u00e5 precis som den ska. Jag jobbar i stort sett alla vardagar och nu har \u00e4ven Josefin b\u00f6rjat arbeta lite mera. Som idag t ex, d\u00e5 jag jobbat 9-17 och sen jobbar hon 18-22. S\u00e5 jag kommer hem s\u00e5 hon f\u00e5r \u00e4ta n\u00e5got och sen har jag tagit hand om Gusten nu p\u00e5 kv\u00e4llen. Jag hade lite &#8221;tur&#8221; ikv\u00e4ll och han somnade redan 20, s\u00e5 jag har f\u00e5tt lite datortid. Jag tycker att jag knappt hunnit sitta h\u00e4r alls, som sig b\u00f6r p\u00e5 sommaren visserligen. Men \u00e4r man van att plugga\/jobba vid datorn v\u00e4ldigt mycket samt anv\u00e4nda internet i den utstr\u00e4ckning som jag g\u00f6r, d\u00e5 k\u00e4nns det lite konstigt att pl\u00f6tsligt inte g\u00f6ra det.<\/p>\n<p>Men det har ju varit v\u00e4ldigt goda anledningar till att inte sitta vid datorn. Att jobba \u00e4r v\u00e4ldigt kul, och just nu blandar jag mycket te. Detta betyder att jag lyssnat ikapp mina favorit podcaster och \u00e4ven lyssnat en del p\u00e5 musik. Sen h\u00e4nger jag med min mamma och pappa, Josefin och Gusten f\u00f6r resten. Och nu har \u00e4ven lite v\u00e4nner hittat till \u00f6n, s\u00e5 det k\u00e4nns ocks\u00e5 kul. P\u00e5 s\u00f6ndag kommer Josis f\u00f6r\u00e4ldrar hit ocks\u00e5 och n\u00e4sta vecka fyller v\u00e5r lilla skitunge 1 \u00e5r. <strong>1 \u00c5R<\/strong>! <em>Det <\/em>\u00e4r ju galet om n\u00e5got.<\/p>\n<p>Senaste nytt \u00e4r att Gusten har b\u00f6rjat klappa h\u00e4nderna lite ocks\u00e5. Vi tycker annars att inte har s\u00e5 hemskt mycket f\u00f6r sig f\u00f6rutom att s\u00e4ga &#8221;pappa&#8221;, &#8221;mamma&#8221; och att l\u00e4ra sig g\u00e5. Det \u00e4r visserligen inte s\u00e5 lite, och tar ju upp n\u00e4stan all hans tid, men man tycker ju att han \u00e4nd\u00e5 kunde snappa upp ett och annat fr\u00e5n andra saker ocks\u00e5. S\u00e5 nu n\u00e4r MP och Roger var h\u00e4r s\u00e5 \u00f6vade vi lite extra p\u00e5 det, och pl\u00f6tsligt satt det! Och vi lyckades filma det h\u00e4romdagen n\u00e4r Gusten precis hade vaknat och fick p\u00e5 s\u00e5 s\u00e4tt testa filmfunktionen p\u00e5 kameran ocks\u00e5. Den filmar ju i HD om man vill, vilket iofs inte spelar s\u00e5 hemskt stor roll n\u00e4r vi \u00e4nd\u00e5 komprimerar filmerna stenh\u00e5rt med Flash innan de hamnar h\u00e4r p\u00e5 bloggen. Men den filmar i st\u00f6rtsk\u00f6n bredbild ocks\u00e5, vilket ju \u00e4r lite coolt. \ud83d\ude42<\/p>\n<p>Nu kommer Josi snart hem och jag ska posta det h\u00e4r inl\u00e4gget. Glad sommar p\u00e5 er allihopa, vi h\u00f6rs snart igen!<\/p>\n<p style=\"text-align: center;\">[flashvideo filename=&#8221;wp-content\/uploads\/2009\/07\/KlappaGusten.flv&#8221; \/]<\/p>\n","protected":false},"excerpt":{"rendered":"<p>Sommaren p\u00e5 Gotland 2009 flyter p\u00e5 precis som den ska. Jag jobbar i stort sett alla vardagar och nu har \u00e4ven Josefin b\u00f6rjat arbeta lite mera. Som idag t ex, d\u00e5 jag jobbat 9-17 och sen jobbar hon 18-22. S\u00e5 jag kommer hem s\u00e5 hon f\u00e5r \u00e4ta n\u00e5got och sen har jag tagit hand om &hellip; <a href=\"https:\/\/oskarochjosefin.se\/index.php\/2009\/07\/07\/nagot-att-appladera-for\/\" class=\"more-link\">Forts\u00e4tt l\u00e4sa <span class=\"screen-reader-text\">N\u00e5got att appl\u00e5dera f\u00f6r<\/span> <span class=\"meta-nav\">&rarr;<\/span><\/a><\/p>\n","protected":false},"author":2,"featured_media":0,"comment_status":"open","ping_status":"open","sticky":false,"template":"","format":"standard","meta":{"footnotes":""},"categories":[3],"tags":[635,59,10,634,478,485,588],"class_list":["post-1608","post","type-post","status-publish","format-standard","hentry","category-oskar","tag-fylla-ar","tag-gotland","tag-gustenfilm","tag-hd","tag-jobba","tag-kamera","tag-sommar"],"_links":{"self":[{"href":"https:\/\/oskarochjosefin.se\/index.php\/wp-json\/wp\/v2\/posts\/1608","targetHints":{"allow":["GET"]}}],"collection":[{"href":"https:\/\/oskarochjosefin.se\/index.php\/wp-json\/wp\/v2\/posts"}],"about":[{"href":"https:\/\/oskarochjosefin.se\/index.php\/wp-json\/wp\/v2\/types\/post"}],"author":[{"embeddable":true,"href":"https:\/\/oskarochjosefin.se\/index.php\/wp-json\/wp\/v2\/users\/2"}],"replies":[{"embeddable":true,"href":"https:\/\/oskarochjosefin.se\/index.php\/wp-json\/wp\/v2\/comments?post=1608"}],"version-history":[{"count":5,"href":"https:\/\/oskarochjosefin.se\/index.php\/wp-json\/wp\/v2\/posts\/1608\/revisions"}],"predecessor-version":[{"id":1616,"href":"https:\/\/oskarochjosefin.se\/index.php\/wp-json\/wp\/v2\/posts\/1608\/revisions\/1616"}],"wp:attachment":[{"href":"https:\/\/oskarochjosefin.se\/index.php\/wp-json\/wp\/v2\/media?parent=1608"}],"wp:term":[{"taxonomy":"category","embeddable":true,"href":"https:\/\/oskarochjosefin.se\/index.php\/wp-json\/wp\/v2\/categories?post=1608"},{"taxonomy":"post_tag","embeddable":true,"href":"https:\/\/oskarochjosefin.se\/index.php\/wp-json\/wp\/v2\/tags?post=1608"}],"curies":[{"name":"wp","href":"https:\/\/api.w.org\/{rel}","templated":true}]}}