{"id":1622,"date":"2009-07-14T21:34:09","date_gmt":"2009-07-14T19:34:09","guid":{"rendered":"http:\/\/oskarochjosefin.se\/?p=1622"},"modified":"2009-07-14T21:35:02","modified_gmt":"2009-07-14T19:35:02","slug":"nyklippt","status":"publish","type":"post","link":"https:\/\/oskarochjosefin.se\/index.php\/2009\/07\/14\/nyklippt\/","title":{"rendered":"Nyklippt!"},"content":{"rendered":"<p>Ingen har v\u00e4l missat att Gusten fyller 1 \u00e5r i morgon?! Och som ett\u00e5ring kan man ju inte l\u00e4ngre kila omkring och se ut hur som helst, eller hur? Och vi har skjutit upp detta alldeles f\u00f6r l\u00e4nge egentligen, men idag s\u00e5 klippte vi allts\u00e5 Gustens h\u00e5r f\u00f6r f\u00f6rsta g\u00e5ngen!<\/p>\n<p>Under en l\u00e4ngre tid har vi nog l\u00e5tit hans frisyr f\u00e5 \u00f6verkompensera lite eftersom han haft s\u00e5 pass lite h\u00e5r s\u00e5 l\u00e4nge. S\u00e5 det har f\u00e5tt v\u00e4xa lite som det vill. Men nu n\u00e4r allt fler bilder, och \u00e4ven verkligheten, avsl\u00f6jar en ganska s\u00e5 spekatakul\u00e4r hockeyfrilla och h\u00e5ret v\u00e4xer ned s\u00e5 mycket \u00f6ver \u00f6ronen att <a href=\"http:\/\/media.moddb.com\/cache\/images\/members\/1\/223\/222412\/thumb_620x2000\/1985_doc_f.jpg\" target=\"_blank\">Christopher Lloyd<\/a> hade varit v\u00e4ldigt stolt. Ja, d\u00e5 var vi faktiskt tvugna att g\u00f6ra n\u00e5got \u00e5t det.<\/p>\n<p>Det var dock inte helt l\u00e4tt att klippa den lille mannen. Han fick ett bad ute i den lilla plaskpoolen f\u00f6rst och medan han var p\u00e5 hyffsat gott hum\u00f6r tog vi in honom i badrummet och satte honom i bara bl\u00f6ja i barnstolen. Jag hade en tanke om att klippa precis som proffsen, med sax och kam. Men efter att p\u00e5 f\u00f6rsta f\u00f6rs\u00f6ket skrapat honom lite l\u00e4tt i nacken med saxen (och sj\u00e4lv blivit livr\u00e4dd! Fast det antagligen gjorde mer ont i mitt hj\u00e4rta \u00e4n i hans nacke d\u00e5 han inte gn\u00e4llde s\u00e5 v\u00e4rst mycket \u00f6ver det) s\u00e5 \u00f6vergav vi kammen och plockade lite t\u00e5tar fr\u00e5n hans huvud b\u00e4st det gick.<\/p>\n<p>Och s\u00e5 h\u00e4r gick det:<\/p>\n<p style=\"text-align: center;\"><strong>F\u00d6RE:<\/strong><\/p>\n<p style=\"text-align: center;\"><a href=\"http:\/\/www.flickr.com\/photos\/oskarochjosefin\/3721521872\/in\/set-72157621457866932\/\"><img loading=\"lazy\" decoding=\"async\" class=\"reflect aligncenter\" src=\"http:\/\/farm3.static.flickr.com\/2479\/3721521872_d7e190c5cd.jpg?v=0\" alt=\"F\u00f6re by you.\" width=\"500\" height=\"333\" \/><\/a><\/p>\n<p style=\"text-align: center;\"><em>Gustens l\u00e5nga lockar i nacken.<\/em><\/p>\n<p style=\"text-align: center;\"><span id=\"photo_thumb3721522504\" class=\"photo_container pc_s\"><a title=\"Klipp klipp\" href=\"http:\/\/www.flickr.com\/photos\/oskarochjosefin\/3721522504\/in\/set-72157621457866932\/\"><img loading=\"lazy\" decoding=\"async\" class=\"pc_img\" src=\"http:\/\/farm3.static.flickr.com\/2438\/3721522504_3364359a24_s.jpg\" alt=\"Klipp klipp\" width=\"75\" height=\"75\" \/><\/a><\/span><a title=\"Klipp klipp\" href=\"http:\/\/www.flickr.com\/photos\/oskarochjosefin\/3721522504\/in\/set-72157621457866932\/\"><\/a><a title=\"Mer klipp klipp\" href=\"http:\/\/www.flickr.com\/photos\/oskarochjosefin\/3721523136\/in\/set-72157621457866932\/\"> <img loading=\"lazy\" decoding=\"async\" class=\"pc_img\" src=\"http:\/\/farm3.static.flickr.com\/2601\/3721523136_3d53d76596_s.jpg\" alt=\"Mer klipp klipp\" width=\"75\" height=\"75\" \/> <\/a><a title=\"Mer klipp klipp\" href=\"http:\/\/www.flickr.com\/photos\/oskarochjosefin\/3721523136\/in\/set-72157621457866932\/\"><\/a><a title=\"En bra start\" href=\"http:\/\/www.flickr.com\/photos\/oskarochjosefin\/3721523692\/in\/set-72157621457866932\/\"><img loading=\"lazy\" decoding=\"async\" class=\"pc_img\" src=\"http:\/\/farm3.static.flickr.com\/2461\/3721523692_c9f7df4882_s.jpg\" alt=\"En bra start\" width=\"75\" height=\"75\" \/> <\/a><a title=\"En bra start\" href=\"http:\/\/www.flickr.com\/photos\/oskarochjosefin\/3721523692\/in\/set-72157621457866932\/\"><\/a><a title=\"Viktigast var det l\u00e5nga h\u00e5ret \u00f6ver \u00f6ronen\" href=\"http:\/\/www.flickr.com\/photos\/oskarochjosefin\/3721524352\/in\/set-72157621457866932\/\"><img loading=\"lazy\" decoding=\"async\" class=\"pc_img\" src=\"http:\/\/farm3.static.flickr.com\/2567\/3721524352_68d3bfccec_s.jpg\" alt=\"Viktigast var det l\u00e5nga h\u00e5ret \u00f6ver \u00f6ronen\" width=\"75\" height=\"75\" \/><\/a><a title=\"Viktigast var det l\u00e5nga h\u00e5ret \u00f6ver \u00f6ronen\" href=\"http:\/\/www.flickr.com\/photos\/oskarochjosefin\/3721524352\/in\/set-72157621457866932\/\"><\/a><a title=\"Den f\u00f6rsta fallna locken\" href=\"http:\/\/www.flickr.com\/photos\/oskarochjosefin\/3720710471\/in\/set-72157621457866932\/\"> <img loading=\"lazy\" decoding=\"async\" class=\"pc_img\" src=\"http:\/\/farm3.static.flickr.com\/2614\/3720710471_f2bb5019b6_s.jpg\" alt=\"Den f\u00f6rsta fallna locken\" width=\"75\" height=\"75\" \/> <\/a><a title=\"Den f\u00f6rsta fallna locken\" href=\"http:\/\/www.flickr.com\/photos\/oskarochjosefin\/3720710471\/in\/set-72157621457866932\/\"><\/a><a title=\"Nacken - efter\" href=\"http:\/\/www.flickr.com\/photos\/oskarochjosefin\/3720710969\/in\/set-72157621457866932\/\"><img loading=\"lazy\" decoding=\"async\" class=\"pc_img\" src=\"http:\/\/farm4.static.flickr.com\/3518\/3720710969_fae9e234fe_s.jpg\" alt=\"Nacken - efter\" width=\"75\" height=\"75\" \/> <\/a><a title=\"Nacken - efter\" href=\"http:\/\/www.flickr.com\/photos\/oskarochjosefin\/3720710969\/in\/set-72157621457866932\/\"><\/a><a title=\"Nyklippt\" href=\"http:\/\/www.flickr.com\/photos\/oskarochjosefin\/3721525740\/in\/set-72157621457866932\/\"><img loading=\"lazy\" decoding=\"async\" class=\"pc_img\" src=\"http:\/\/farm3.static.flickr.com\/2517\/3721525740_3ff3853ef5_s.jpg\" alt=\"Nyklippt\" width=\"75\" height=\"75\" \/><\/a><\/p>\n<p style=\"text-align: center;\"><span class=\"photo_container pc_s\"><strong>EFTER:<\/strong><\/span><\/p>\n<p style=\"text-align: center;\"><a href=\"http:\/\/www.flickr.com\/photos\/oskarochjosefin\/3721526264\/in\/set-72157621457866932\/\"><img loading=\"lazy\" decoding=\"async\" class=\"reflect\" src=\"http:\/\/farm3.static.flickr.com\/2448\/3721526264_dfa04a6672.jpg?v=0\" alt=\"Efter by you.\" width=\"500\" height=\"333\" \/><\/a><\/p>\n<p style=\"text-align: center;\"><em>En liten pojke fanns d\u00e4r n\u00e5gonstans under alla babylockarna.<br \/>\n<\/em><\/p>\n<p>Vi blev sj\u00e4lva ganska s\u00e5 n\u00f6jda med resultatet, och det var inte alltf\u00f6r sv\u00e5rt. Jag klipper mig sj\u00e4lv trots allt p\u00e5 liknande s\u00e4tt (en tuss h\u00e4r, en tuss d\u00e4r) och har gjort s\u00e5 de senaste 10 \u00e5ren. \ud83d\ude42 \u00c4ven om han nu ser ganska s\u00e5 mycket \u00e4ldre ut direkt, och hans huvud fick en annan form, s\u00e5 ser han i alla fall nu verkligen redo ut att fylla ett.<\/p>\n","protected":false},"excerpt":{"rendered":"<p>Ingen har v\u00e4l missat att Gusten fyller 1 \u00e5r i morgon?! Och som ett\u00e5ring kan man ju inte l\u00e4ngre kila omkring och se ut hur som helst, eller hur? Och vi har skjutit upp detta alldeles f\u00f6r l\u00e4nge egentligen, men idag s\u00e5 klippte vi allts\u00e5 Gustens h\u00e5r f\u00f6r f\u00f6rsta g\u00e5ngen! Under en l\u00e4ngre tid har &hellip; <a href=\"https:\/\/oskarochjosefin.se\/index.php\/2009\/07\/14\/nyklippt\/\" class=\"more-link\">Forts\u00e4tt l\u00e4sa <span class=\"screen-reader-text\">Nyklippt!<\/span> <span class=\"meta-nav\">&rarr;<\/span><\/a><\/p>\n","protected":false},"author":2,"featured_media":0,"comment_status":"open","ping_status":"open","sticky":false,"template":"","format":"standard","meta":{"footnotes":""},"categories":[3],"tags":[641,638,642,640,637,639],"class_list":["post-1622","post","type-post","status-publish","format-standard","hentry","category-oskar","tag-frisyr","tag-har","tag-hockeyfrilla","tag-kam","tag-klippning","tag-sax"],"_links":{"self":[{"href":"https:\/\/oskarochjosefin.se\/index.php\/wp-json\/wp\/v2\/posts\/1622","targetHints":{"allow":["GET"]}}],"collection":[{"href":"https:\/\/oskarochjosefin.se\/index.php\/wp-json\/wp\/v2\/posts"}],"about":[{"href":"https:\/\/oskarochjosefin.se\/index.php\/wp-json\/wp\/v2\/types\/post"}],"author":[{"embeddable":true,"href":"https:\/\/oskarochjosefin.se\/index.php\/wp-json\/wp\/v2\/users\/2"}],"replies":[{"embeddable":true,"href":"https:\/\/oskarochjosefin.se\/index.php\/wp-json\/wp\/v2\/comments?post=1622"}],"version-history":[{"count":3,"href":"https:\/\/oskarochjosefin.se\/index.php\/wp-json\/wp\/v2\/posts\/1622\/revisions"}],"predecessor-version":[{"id":1624,"href":"https:\/\/oskarochjosefin.se\/index.php\/wp-json\/wp\/v2\/posts\/1622\/revisions\/1624"}],"wp:attachment":[{"href":"https:\/\/oskarochjosefin.se\/index.php\/wp-json\/wp\/v2\/media?parent=1622"}],"wp:term":[{"taxonomy":"category","embeddable":true,"href":"https:\/\/oskarochjosefin.se\/index.php\/wp-json\/wp\/v2\/categories?post=1622"},{"taxonomy":"post_tag","embeddable":true,"href":"https:\/\/oskarochjosefin.se\/index.php\/wp-json\/wp\/v2\/tags?post=1622"}],"curies":[{"name":"wp","href":"https:\/\/api.w.org\/{rel}","templated":true}]}}