{"id":1727,"date":"2009-08-09T07:16:33","date_gmt":"2009-08-09T05:16:33","guid":{"rendered":"http:\/\/oskarochjosefin.se\/index.php\/2009\/08\/09\/god-morgon\/"},"modified":"2009-08-09T07:42:35","modified_gmt":"2009-08-09T05:42:35","slug":"god-morgon","status":"publish","type":"post","link":"https:\/\/oskarochjosefin.se\/index.php\/2009\/08\/09\/god-morgon\/","title":{"rendered":"God morgon"},"content":{"rendered":"<p style=\"text-align: left;\"><a title=\"photo sharing\" href=\"http:\/\/www.flickr.com\/photos\/oskarochjosefin\/3802446017\/\"><img decoding=\"async\" class=\"aligncenter\" src=\"http:\/\/farm4.static.flickr.com\/3422\/3802446017_7b5ee2b198_m.jpg\" alt=\"\" \/><\/a><br \/>\nVi ska ha ett litet kalas h\u00e4r idag s\u00e5 Gusten \u00e4r uppe och st\u00e4dar i sitt nya rum.<\/p>\n<p>Han \u00e4r tuff med dammsugaren n\u00e4r den \u00e4r av, \u00e4r den p\u00e5 <a href=\"http:\/\/twitter.com\/oskardahlbom\/status\/3165766858\">\u00e4r det en annan visa<\/a>. Och vi har postat en liknande bild av honom f\u00f6rut, f\u00f6r n\u00e5gra m\u00e5nader sen. <a href=\"https:\/\/oskarochjosefin.se\/index.php\/2009\/04\/22\/den-nya-barnvakten\/\">D\u00e5 s\u00e5g det ut s\u00e5 h\u00e4r<\/a>.<\/p>\n<div style=\"text-align: right;\">\n<p><small>Postat direkt fr\u00e5n mobil via <a href=\"http:\/\/www.flickr.com\/photos\/oskarochjosefin\/\">flickr<\/a>.<\/small><\/div>\n","protected":false},"excerpt":{"rendered":"<p>Vi ska ha ett litet kalas h\u00e4r idag s\u00e5 Gusten \u00e4r uppe och st\u00e4dar i sitt nya rum. Han \u00e4r tuff med dammsugaren n\u00e4r den \u00e4r av, \u00e4r den p\u00e5 \u00e4r det en annan visa. Och vi har postat en liknande bild av honom f\u00f6rut, f\u00f6r n\u00e5gra m\u00e5nader sen. D\u00e5 s\u00e5g det ut s\u00e5 h\u00e4r. &hellip; <a href=\"https:\/\/oskarochjosefin.se\/index.php\/2009\/08\/09\/god-morgon\/\" class=\"more-link\">Forts\u00e4tt l\u00e4sa <span class=\"screen-reader-text\">God morgon<\/span> <span class=\"meta-nav\">&rarr;<\/span><\/a><\/p>\n","protected":false},"author":2,"featured_media":0,"comment_status":"open","ping_status":"open","sticky":false,"template":"","format":"standard","meta":{"footnotes":""},"categories":[3],"tags":[688,368,689],"class_list":["post-1727","post","type-post","status-publish","format-standard","hentry","category-oskar","tag-dammsuga","tag-minnen","tag-stada"],"_links":{"self":[{"href":"https:\/\/oskarochjosefin.se\/index.php\/wp-json\/wp\/v2\/posts\/1727","targetHints":{"allow":["GET"]}}],"collection":[{"href":"https:\/\/oskarochjosefin.se\/index.php\/wp-json\/wp\/v2\/posts"}],"about":[{"href":"https:\/\/oskarochjosefin.se\/index.php\/wp-json\/wp\/v2\/types\/post"}],"author":[{"embeddable":true,"href":"https:\/\/oskarochjosefin.se\/index.php\/wp-json\/wp\/v2\/users\/2"}],"replies":[{"embeddable":true,"href":"https:\/\/oskarochjosefin.se\/index.php\/wp-json\/wp\/v2\/comments?post=1727"}],"version-history":[{"count":3,"href":"https:\/\/oskarochjosefin.se\/index.php\/wp-json\/wp\/v2\/posts\/1727\/revisions"}],"predecessor-version":[{"id":1730,"href":"https:\/\/oskarochjosefin.se\/index.php\/wp-json\/wp\/v2\/posts\/1727\/revisions\/1730"}],"wp:attachment":[{"href":"https:\/\/oskarochjosefin.se\/index.php\/wp-json\/wp\/v2\/media?parent=1727"}],"wp:term":[{"taxonomy":"category","embeddable":true,"href":"https:\/\/oskarochjosefin.se\/index.php\/wp-json\/wp\/v2\/categories?post=1727"},{"taxonomy":"post_tag","embeddable":true,"href":"https:\/\/oskarochjosefin.se\/index.php\/wp-json\/wp\/v2\/tags?post=1727"}],"curies":[{"name":"wp","href":"https:\/\/api.w.org\/{rel}","templated":true}]}}