{"id":1789,"date":"2009-08-25T21:19:54","date_gmt":"2009-08-25T19:19:54","guid":{"rendered":"http:\/\/oskarochjosefin.se\/?p=1789"},"modified":"2009-09-02T13:04:35","modified_gmt":"2009-09-02T11:04:35","slug":"tisdagskvall-och-gustens-nya-grejer","status":"publish","type":"post","link":"https:\/\/oskarochjosefin.se\/index.php\/2009\/08\/25\/tisdagskvall-och-gustens-nya-grejer\/","title":{"rendered":"Tisdagskv\u00e4ll och Gustens nya grej"},"content":{"rendered":"<p>S\u00e5, tisdagskv\u00e4ll, NAVY CIS p\u00e5 teven och korv stroganoff i magen\u00a0 &#8211; dags att b\u00f6rja k\u00e4nna sig lite tr\u00f6tt \ud83d\ude42<\/p>\n<p>Kolm\u00e5rdenbilder och upplevelser t\u00e4nkte nog jag och Oskar skriva om tillsammans i ett separat inl\u00e4gg s\u00e5 jag skippar att skriva n\u00e5got om det h\u00e4r, f\u00f6rutom att det var v\u00e4ldigt skoj! \u00c4ven om det blev lite s\u00f6mn p\u00e5 n\u00e4tterna och mycket g\u00e5ende och bil\u00e5kande p\u00e5 dagarna!<\/p>\n<p>Annars g\u00e5r dagarna fram\u00e5t, ibland sakta och ibland snabbt &#8211; s\u00e5 som det ska vara tror jag. Oskar har fullt upp med sin pappaledighet och Gusten \u00e4r verkligen en handfull just nu, med allt springande och unders\u00f6kande &#8211; han har energi nog f\u00f6r att lysa upp hela huset i dagar k\u00e4nns det som. Han \u00e4r s\u00e5 himla fin i alla fall och verkar f\u00f6rst\u00e5 mer och mer. Jag fick till och med f\u00f6r mig att han sa &#8221;Groda&#8221; n\u00e4r han tittade p\u00e5 en av sina tygklossar med just en bild p\u00e5 en groda p\u00e5. Och vad mer &#8211; Jo, han har b\u00f6rjat kl\u00e4ttra upp i soffan! Drar upp sitt lilla ben och h\u00e4ver upp bl\u00f6jrumpan, sen sitter han f\u00f6rn\u00f6jt och lutar sig mot kuddar och leker med fj\u00e4rrkontrollen eller dylikt (det som han kl\u00e4ttrade upp f\u00f6r att ta). Idag tog han sig ner utan att sl\u00e5 sig ocks\u00e5 ber\u00e4ttade Oskar. Tiden g\u00e5r fort!<\/p>\n<p>S\u00e5 h\u00e4r s\u00e5g det ut n\u00e4r han tog sig upp i <span class=\"photo_container pc_m\"> <\/span>den bruna soffan ig\u00e5r:<\/p>\n<p><span class=\"photo_container pc_m\"><a title=\"gusten kl\u00e4ttrar i soffan2\" href=\"http:\/\/www.flickr.com\/photos\/oskarochjosefin\/3856223319\/\"><img loading=\"lazy\" decoding=\"async\" class=\"pc_img\" src=\"http:\/\/farm3.static.flickr.com\/2459\/3856223319_414eaba675_m.jpg\" alt=\"gusten kl\u00e4ttrar i soffan2\" width=\"240\" height=\"160\" \/><\/a><\/span><a title=\"gusten kl\u00e4ttrar i soffan2\" href=\"http:\/\/www.flickr.com\/photos\/oskarochjosefin\/3856223319\/\"><\/a><a title=\"gusten kl\u00e4ttrar i soffan4\" href=\"http:\/\/www.flickr.com\/photos\/oskarochjosefin\/3857013922\/\"><span class=\"photo_container pc_m\"> <\/span><\/a><a title=\"gusten kl\u00e4ttrar i soffan2\" href=\"http:\/\/www.flickr.com\/photos\/oskarochjosefin\/3856223319\/\"><\/a><a title=\"gusten kl\u00e4ttrar i soffan4\" href=\"http:\/\/www.flickr.com\/photos\/oskarochjosefin\/3857013922\/\"><img loading=\"lazy\" decoding=\"async\" class=\"pc_img\" src=\"http:\/\/farm4.static.flickr.com\/3515\/3857013922_f0aca75898_m.jpg\" alt=\"gusten kl\u00e4ttrar i soffan4\" width=\"240\" height=\"160\" \/><\/a><a title=\"gusten kl\u00e4ttrar i soffan4\" href=\"http:\/\/www.flickr.com\/photos\/oskarochjosefin\/3857013922\/\"><\/a><a title=\"gusten kl\u00e4ttrar i soffan3jpg\" href=\"http:\/\/www.flickr.com\/photos\/oskarochjosefin\/3857013086\/\"><img loading=\"lazy\" decoding=\"async\" class=\"pc_img\" src=\"http:\/\/farm3.static.flickr.com\/2475\/3857013086_47d816513e_m.jpg\" alt=\"gusten kl\u00e4ttrar i soffan3jpg\" width=\"240\" height=\"160\" \/><\/a><\/p>\n<p><a title=\"gusten kl\u00e4ttrar i soffan2\" href=\"http:\/\/www.flickr.com\/photos\/oskarochjosefin\/3856223319\/\"><\/a><a title=\"gusten kl\u00e4ttrar i soffan4\" href=\"http:\/\/www.flickr.com\/photos\/oskarochjosefin\/3857013922\/\"><\/a><\/p>\n<p><span class=\"photo_container pc_m\"><br \/>\n<\/span><\/p>\n","protected":false},"excerpt":{"rendered":"<p>S\u00e5, tisdagskv\u00e4ll, NAVY CIS p\u00e5 teven och korv stroganoff i magen\u00a0 &#8211; dags att b\u00f6rja k\u00e4nna sig lite tr\u00f6tt \ud83d\ude42 Kolm\u00e5rdenbilder och upplevelser t\u00e4nkte nog jag och Oskar skriva om tillsammans i ett separat inl\u00e4gg s\u00e5 jag skippar att skriva n\u00e5got om det h\u00e4r, f\u00f6rutom att det var v\u00e4ldigt skoj! \u00c4ven om det blev lite &hellip; <a href=\"https:\/\/oskarochjosefin.se\/index.php\/2009\/08\/25\/tisdagskvall-och-gustens-nya-grejer\/\" class=\"more-link\">Forts\u00e4tt l\u00e4sa <span class=\"screen-reader-text\">Tisdagskv\u00e4ll och Gustens nya grej<\/span> <span class=\"meta-nav\">&rarr;<\/span><\/a><\/p>\n","protected":false},"author":3,"featured_media":0,"comment_status":"open","ping_status":"open","sticky":false,"template":"","format":"standard","meta":{"footnotes":""},"categories":[4],"tags":[714,712,713],"class_list":["post-1789","post","type-post","status-publish","format-standard","hentry","category-josefin","tag-blojrumpa","tag-klattra","tag-soffa"],"_links":{"self":[{"href":"https:\/\/oskarochjosefin.se\/index.php\/wp-json\/wp\/v2\/posts\/1789","targetHints":{"allow":["GET"]}}],"collection":[{"href":"https:\/\/oskarochjosefin.se\/index.php\/wp-json\/wp\/v2\/posts"}],"about":[{"href":"https:\/\/oskarochjosefin.se\/index.php\/wp-json\/wp\/v2\/types\/post"}],"author":[{"embeddable":true,"href":"https:\/\/oskarochjosefin.se\/index.php\/wp-json\/wp\/v2\/users\/3"}],"replies":[{"embeddable":true,"href":"https:\/\/oskarochjosefin.se\/index.php\/wp-json\/wp\/v2\/comments?post=1789"}],"version-history":[{"count":3,"href":"https:\/\/oskarochjosefin.se\/index.php\/wp-json\/wp\/v2\/posts\/1789\/revisions"}],"predecessor-version":[{"id":1806,"href":"https:\/\/oskarochjosefin.se\/index.php\/wp-json\/wp\/v2\/posts\/1789\/revisions\/1806"}],"wp:attachment":[{"href":"https:\/\/oskarochjosefin.se\/index.php\/wp-json\/wp\/v2\/media?parent=1789"}],"wp:term":[{"taxonomy":"category","embeddable":true,"href":"https:\/\/oskarochjosefin.se\/index.php\/wp-json\/wp\/v2\/categories?post=1789"},{"taxonomy":"post_tag","embeddable":true,"href":"https:\/\/oskarochjosefin.se\/index.php\/wp-json\/wp\/v2\/tags?post=1789"}],"curies":[{"name":"wp","href":"https:\/\/api.w.org\/{rel}","templated":true}]}}