{"id":1972,"date":"2009-10-19T23:46:53","date_gmt":"2009-10-19T21:46:53","guid":{"rendered":"http:\/\/oskarochjosefin.se\/?p=1972"},"modified":"2009-10-19T23:52:29","modified_gmt":"2009-10-19T21:52:29","slug":"host-i-lund","status":"publish","type":"post","link":"https:\/\/oskarochjosefin.se\/index.php\/2009\/10\/19\/host-i-lund\/","title":{"rendered":"H\u00f6st i Lund"},"content":{"rendered":"<p>H\u00f6sten har kommit till Lund och h\u00e4romdagen spenderade vi en del av en eftermiddag i botaniska tr\u00e4dg\u00e5rden.<\/p>\n<p style=\"text-align: center;\"><a href=\"http:\/\/www.flickr.com\/photos\/oskarochjosefin\/4027503184\/in\/set-72157622621340388\/\"><img loading=\"lazy\" decoding=\"async\" class=\"aligncenter\" style=\"cursor: -moz-zoom-out;\" src=\"http:\/\/farm3.static.flickr.com\/2748\/4027503184_c4d6c8dfb5_b.jpg\" alt=\"http:\/\/farm3.static.flickr.com\/2748\/4027503184_c4d6c8dfb5_b.jpg\" width=\"500\" height=\"750\" \/><\/a><\/p>\n<p style=\"text-align: center;\"><span class=\"photo_container pc_m\"><a title=\"Vi var en sv\u00e4ng i botan\" href=\"http:\/\/www.flickr.com\/photos\/oskarochjosefin\/4027472562\/in\/set-72157622621340388\/\"><img loading=\"lazy\" decoding=\"async\" class=\"pc_img\" src=\"http:\/\/farm3.static.flickr.com\/2438\/4027472562_c551afbf78_m.jpg\" alt=\"Vi var en sv\u00e4ng i botan\" width=\"240\" height=\"160\" \/><\/a><\/span><a title=\"Vi var en sv\u00e4ng i botan\" href=\"http:\/\/www.flickr.com\/photos\/oskarochjosefin\/4027472562\/in\/set-72157622621340388\/\"><span class=\"photo_container pc_m\"><a title=\"Gusten hittade ett l\u00f6v\" href=\"http:\/\/www.flickr.com\/photos\/oskarochjosefin\/4027479784\/in\/set-72157622621340388\/\"><img loading=\"lazy\" decoding=\"async\" class=\"pc_img\" src=\"http:\/\/farm3.static.flickr.com\/2720\/4027479784_e7c86fe77a_m.jpg\" alt=\"Gusten hittade ett l\u00f6v\" width=\"240\" height=\"160\" \/><\/a><\/span><a title=\"Gusten hittade ett l\u00f6v\" href=\"http:\/\/www.flickr.com\/photos\/oskarochjosefin\/4027479784\/in\/set-72157622621340388\/\"><span class=\"photo_container pc_m\"><a title=\"Motljus\" href=\"http:\/\/www.flickr.com\/photos\/oskarochjosefin\/4026728275\/in\/set-72157622621340388\/\"><img loading=\"lazy\" decoding=\"async\" class=\"pc_img\" src=\"http:\/\/farm3.static.flickr.com\/2750\/4026728275_89b729efc0_m.jpg\" alt=\"Motljus\" width=\"160\" height=\"240\" \/><\/a><\/span><a title=\"Motljus\" href=\"http:\/\/www.flickr.com\/photos\/oskarochjosefin\/4026728275\/in\/set-72157622621340388\/\"><span class=\"photo_container pc_m\"><a title=\"Motljus\" href=\"http:\/\/www.flickr.com\/photos\/oskarochjosefin\/4027484984\/in\/set-72157622621340388\/\"><img loading=\"lazy\" decoding=\"async\" class=\"pc_img\" src=\"http:\/\/farm3.static.flickr.com\/2505\/4027484984_119ac03a70_m.jpg\" alt=\"Motljus\" width=\"160\" height=\"240\" \/><\/a><\/span><a title=\"Motljus\" href=\"http:\/\/www.flickr.com\/photos\/oskarochjosefin\/4027484984\/in\/set-72157622621340388\/\"><span class=\"photo_container pc_m\"><a title=\"Botaniska tr\u00e4dg\u00e5rden i Lund\" href=\"http:\/\/www.flickr.com\/photos\/oskarochjosefin\/4027491210\/in\/set-72157622621340388\/\"><img loading=\"lazy\" decoding=\"async\" class=\"pc_img\" src=\"http:\/\/farm3.static.flickr.com\/2578\/4027491210_c139c48abb_m.jpg\" alt=\"Botaniska tr\u00e4dg\u00e5rden i Lund\" width=\"160\" height=\"240\" \/><\/a><\/span><a title=\"Botaniska tr\u00e4dg\u00e5rden i Lund\" href=\"http:\/\/www.flickr.com\/photos\/oskarochjosefin\/4027491210\/in\/set-72157622621340388\/\"><span class=\"photo_container pc_m\"><a title=\"Gusten var p\u00e5 spr\u00e5ng\" href=\"http:\/\/www.flickr.com\/photos\/oskarochjosefin\/4026744853\/in\/set-72157622621340388\/\"><img loading=\"lazy\" decoding=\"async\" class=\"pc_img\" src=\"http:\/\/farm3.static.flickr.com\/2441\/4026744853_1291c7c02e_m.jpg\" alt=\"Gusten var p\u00e5 spr\u00e5ng\" width=\"160\" height=\"240\" \/><\/a><\/span><a title=\"Gusten var p\u00e5 spr\u00e5ng\" href=\"http:\/\/www.flickr.com\/photos\/oskarochjosefin\/4026744853\/in\/set-72157622621340388\/\"><span class=\"photo_container pc_m\"><a title=\"Poserande i solskenet\" href=\"http:\/\/www.flickr.com\/photos\/oskarochjosefin\/4027506368\/in\/set-72157622621340388\/\"><img loading=\"lazy\" decoding=\"async\" class=\"pc_img\" src=\"http:\/\/farm3.static.flickr.com\/2544\/4027506368_e1386d30b8_m.jpg\" alt=\"Poserande i solskenet\" width=\"160\" height=\"240\" \/><\/a><\/span><a title=\"Poserande i solskenet\" href=\"http:\/\/www.flickr.com\/photos\/oskarochjosefin\/4027506368\/in\/set-72157622621340388\/\"><span class=\"photo_container pc_m\"><a title=\"Gustens ride\" href=\"http:\/\/www.flickr.com\/photos\/oskarochjosefin\/4027514140\/in\/set-72157622621340388\/\"><img loading=\"lazy\" decoding=\"async\" class=\"pc_img\" src=\"http:\/\/farm3.static.flickr.com\/2551\/4027514140_d3b73d874f_m.jpg\" alt=\"Gustens ride\" width=\"240\" height=\"160\" \/><\/a><\/span><a title=\"Gustens ride\" href=\"http:\/\/www.flickr.com\/photos\/oskarochjosefin\/4027514140\/in\/set-72157622621340388\/\"><span class=\"photo_container pc_m\"><a title=\"Fikastund - kaffe &amp; smoothie\" href=\"http:\/\/www.flickr.com\/photos\/oskarochjosefin\/4027519214\/in\/set-72157622621340388\/\"><img loading=\"lazy\" decoding=\"async\" class=\"pc_img\" src=\"http:\/\/farm3.static.flickr.com\/2684\/4027519214_0e342f59a3_m.jpg\" alt=\"Fikastund - kaffe &amp; smoothie\" width=\"240\" height=\"160\" \/><\/a><\/span><a title=\"Fikastund - kaffe &amp; smoothie\" href=\"http:\/\/www.flickr.com\/photos\/oskarochjosefin\/4027519214\/in\/set-72157622621340388\/\"><span class=\"photo_container pc_m\"><a title=\"Gott med smoothie\" href=\"http:\/\/www.flickr.com\/photos\/oskarochjosefin\/4027523086\/in\/set-72157622621340388\/\"><img loading=\"lazy\" decoding=\"async\" class=\"pc_img\" src=\"http:\/\/farm3.static.flickr.com\/2739\/4027523086_a0b89c85ac_m.jpg\" alt=\"Gott med smoothie\" width=\"240\" height=\"160\" \/><\/a><\/span><\/a><\/a><\/a><\/a><\/a><\/a><\/a><\/a><\/a><\/p>\n","protected":false},"excerpt":{"rendered":"<p>H\u00f6sten har kommit till Lund och h\u00e4romdagen spenderade vi en del av en eftermiddag i botaniska tr\u00e4dg\u00e5rden.<\/p>\n","protected":false},"author":2,"featured_media":0,"comment_status":"open","ping_status":"open","sticky":false,"template":"","format":"standard","meta":{"footnotes":""},"categories":[3],"tags":[633,775,464,450],"class_list":["post-1972","post","type-post","status-publish","format-standard","hentry","category-oskar","tag-foton","tag-host","tag-motljus","tag-solsken"],"_links":{"self":[{"href":"https:\/\/oskarochjosefin.se\/index.php\/wp-json\/wp\/v2\/posts\/1972","targetHints":{"allow":["GET"]}}],"collection":[{"href":"https:\/\/oskarochjosefin.se\/index.php\/wp-json\/wp\/v2\/posts"}],"about":[{"href":"https:\/\/oskarochjosefin.se\/index.php\/wp-json\/wp\/v2\/types\/post"}],"author":[{"embeddable":true,"href":"https:\/\/oskarochjosefin.se\/index.php\/wp-json\/wp\/v2\/users\/2"}],"replies":[{"embeddable":true,"href":"https:\/\/oskarochjosefin.se\/index.php\/wp-json\/wp\/v2\/comments?post=1972"}],"version-history":[{"count":5,"href":"https:\/\/oskarochjosefin.se\/index.php\/wp-json\/wp\/v2\/posts\/1972\/revisions"}],"predecessor-version":[{"id":1977,"href":"https:\/\/oskarochjosefin.se\/index.php\/wp-json\/wp\/v2\/posts\/1972\/revisions\/1977"}],"wp:attachment":[{"href":"https:\/\/oskarochjosefin.se\/index.php\/wp-json\/wp\/v2\/media?parent=1972"}],"wp:term":[{"taxonomy":"category","embeddable":true,"href":"https:\/\/oskarochjosefin.se\/index.php\/wp-json\/wp\/v2\/categories?post=1972"},{"taxonomy":"post_tag","embeddable":true,"href":"https:\/\/oskarochjosefin.se\/index.php\/wp-json\/wp\/v2\/tags?post=1972"}],"curies":[{"name":"wp","href":"https:\/\/api.w.org\/{rel}","templated":true}]}}