{"id":2045,"date":"2009-11-11T16:45:14","date_gmt":"2009-11-11T15:45:14","guid":{"rendered":"http:\/\/oskarochjosefin.se\/?p=2045"},"modified":"2009-11-11T15:11:53","modified_gmt":"2009-11-11T14:11:53","slug":"hemlighetsmakeri","status":"publish","type":"post","link":"https:\/\/oskarochjosefin.se\/index.php\/2009\/11\/11\/hemlighetsmakeri\/","title":{"rendered":"Hemlighetsmakeri"},"content":{"rendered":"<p>Precis just nu, n\u00e4r detta publiceras, \u00e4r jag hemma hos min bror p\u00e5 Gotland och fikar och firar honom p\u00e5 30-\u00e5rsdagen. <strong>\u00d6verraskning!<\/strong> \ud83d\ude42<\/p>\n<p>Jag har Gusten med mig och vid 11.10 idag tog vi flyget fr\u00e5n \u00c4ngelholm (tack sv\u00e4rfar f\u00f6r skjutsen!) och landade i Visby lite efter 12. Flygresan gick fantastiskt bra och Gusten, som hade powernappat i bilen innan, var pigg, glad och v\u00e4ldigt nyfiken. Vid start och landning satt han som ett frim\u00e4rke mot rutan och tittade p\u00e5 miniatyrerna nedanf\u00f6r. Ett tag gick det lite \u00f6ver styr dock n\u00e4r en uppjagad Gusten bl\u00e4ddrade lite f\u00f6r h\u00e4ftigt i flygplanstidningen och fick ett papercut p\u00e5 pekfingret. Jag uppt\u00e4ckte det f\u00f6rst n\u00e4r det d\u00f6k upp suspekta blodsp\u00e5r i tidningen och bad d\u00e5 om ett pl\u00e5ster av den sn\u00e4lla flygv\u00e4rdinnan. Med den krisen ur v\u00e4gen kunde vi lugnt flyga vidare.<\/p>\n<p>Sen \u00e5kte vi f\u00f6rbest\u00e4lld taxi (med bilbarnstol) ner till innerstaden och d\u00e4r fick Gusten luncha och sen sova. I skrivandets stund sover han fortfarande, och n\u00e4r han vaknar ska vi g\u00e5 hem till Fredrik och \u00f6verraskar honom. Hoppas att han inte misst\u00e4nker n\u00e5got. \ud83d\ude09<\/p>\n","protected":false},"excerpt":{"rendered":"<p>Precis just nu, n\u00e4r detta publiceras, \u00e4r jag hemma hos min bror p\u00e5 Gotland och fikar och firar honom p\u00e5 30-\u00e5rsdagen. \u00d6verraskning! \ud83d\ude42 Jag har Gusten med mig och vid 11.10 idag tog vi flyget fr\u00e5n \u00c4ngelholm (tack sv\u00e4rfar f\u00f6r skjutsen!) och landade i Visby lite efter 12. Flygresan gick fantastiskt bra och Gusten, som &hellip; <a href=\"https:\/\/oskarochjosefin.se\/index.php\/2009\/11\/11\/hemlighetsmakeri\/\" class=\"more-link\">Forts\u00e4tt l\u00e4sa <span class=\"screen-reader-text\">Hemlighetsmakeri<\/span> <span class=\"meta-nav\">&rarr;<\/span><\/a><\/p>\n","protected":false},"author":2,"featured_media":0,"comment_status":"open","ping_status":"open","sticky":false,"template":"","format":"standard","meta":{"footnotes":""},"categories":[3],"tags":[808,810,160,59,683,62],"class_list":["post-2045","post","type-post","status-publish","format-standard","hentry","category-oskar","tag-808","tag-flyga","tag-fredrik","tag-gotland","tag-overraskning","tag-resa"],"_links":{"self":[{"href":"https:\/\/oskarochjosefin.se\/index.php\/wp-json\/wp\/v2\/posts\/2045","targetHints":{"allow":["GET"]}}],"collection":[{"href":"https:\/\/oskarochjosefin.se\/index.php\/wp-json\/wp\/v2\/posts"}],"about":[{"href":"https:\/\/oskarochjosefin.se\/index.php\/wp-json\/wp\/v2\/types\/post"}],"author":[{"embeddable":true,"href":"https:\/\/oskarochjosefin.se\/index.php\/wp-json\/wp\/v2\/users\/2"}],"replies":[{"embeddable":true,"href":"https:\/\/oskarochjosefin.se\/index.php\/wp-json\/wp\/v2\/comments?post=2045"}],"version-history":[{"count":2,"href":"https:\/\/oskarochjosefin.se\/index.php\/wp-json\/wp\/v2\/posts\/2045\/revisions"}],"predecessor-version":[{"id":2047,"href":"https:\/\/oskarochjosefin.se\/index.php\/wp-json\/wp\/v2\/posts\/2045\/revisions\/2047"}],"wp:attachment":[{"href":"https:\/\/oskarochjosefin.se\/index.php\/wp-json\/wp\/v2\/media?parent=2045"}],"wp:term":[{"taxonomy":"category","embeddable":true,"href":"https:\/\/oskarochjosefin.se\/index.php\/wp-json\/wp\/v2\/categories?post=2045"},{"taxonomy":"post_tag","embeddable":true,"href":"https:\/\/oskarochjosefin.se\/index.php\/wp-json\/wp\/v2\/tags?post=2045"}],"curies":[{"name":"wp","href":"https:\/\/api.w.org\/{rel}","templated":true}]}}