{"id":2092,"date":"2009-12-01T00:52:16","date_gmt":"2009-11-30T23:52:16","guid":{"rendered":"http:\/\/oskarochjosefin.se\/?p=2092"},"modified":"2009-12-01T00:56:18","modified_gmt":"2009-11-30T23:56:18","slug":"1a-advent-2009-i-bilder","status":"publish","type":"post","link":"https:\/\/oskarochjosefin.se\/index.php\/2009\/12\/01\/1a-advent-2009-i-bilder\/","title":{"rendered":"1:a advent 2009 i bilder"},"content":{"rendered":"<p style=\"text-align: center;\"><em><img decoding=\"async\" src=\"http:\/\/farm3.static.flickr.com\/2636\/4148638806_fa157077c4.jpg\" alt=\"http:\/\/farm3.static.flickr.com\/2636\/4148638806_fa157077c4.jpg\" \/><\/em><\/p>\n<p style=\"text-align: center;\"><em>Julskyltning i Lund<\/em><\/p>\n<p style=\"text-align: center;\"><em><img loading=\"lazy\" decoding=\"async\" style=\"cursor: -moz-zoom-out;\" src=\"http:\/\/farm3.static.flickr.com\/2703\/4147969047_768bfde84f_b.jpg\" alt=\"http:\/\/farm3.static.flickr.com\/2703\/4147969047_768bfde84f_b.jpg\" width=\"500\" height=\"750\" \/><\/em><\/p>\n<p style=\"text-align: center;\"><em>Julgranen p\u00e5 Stortorget<\/em><\/p>\n<p style=\"text-align: center;\"><em><img decoding=\"async\" src=\"http:\/\/farm3.static.flickr.com\/2517\/4147972087_4d86a14e18.jpg\" alt=\"http:\/\/farm3.static.flickr.com\/2517\/4147972087_4d86a14e18.jpg\" \/><\/em><\/p>\n<p style=\"text-align: center;\"><em>1:a adventsfika<\/em><\/p>\n<p style=\"text-align: center;\"><em><img loading=\"lazy\" decoding=\"async\" style=\"cursor: -moz-zoom-out;\" src=\"http:\/\/farm3.static.flickr.com\/2789\/4148736484_f472d4c260_b.jpg\" alt=\"http:\/\/farm3.static.flickr.com\/2789\/4148736484_f472d4c260_b.jpg\" width=\"500\" height=\"750\" \/><\/em><\/p>\n<p style=\"text-align: center;\"><em>Gl\u00f6gg<\/em><\/p>\n<p style=\"text-align: center;\"><em><img loading=\"lazy\" decoding=\"async\" style=\"cursor: -moz-zoom-out;\" src=\"http:\/\/farm3.static.flickr.com\/2784\/4147976855_6ea45fe897_b.jpg\" alt=\"http:\/\/farm3.static.flickr.com\/2784\/4147976855_6ea45fe897_b.jpg\" width=\"500\" height=\"750\" \/><\/em><\/p>\n<p style=\"text-align: center;\"><em>Gusten testar pepparkakor f\u00f6r f\u00f6rsta g\u00e5ngen<\/em><\/p>\n<p style=\"text-align: center;\"><em><img decoding=\"async\" src=\"http:\/\/farm3.static.flickr.com\/2510\/4147979879_a8d62574d7.jpg\" alt=\"http:\/\/farm3.static.flickr.com\/2510\/4147979879_a8d62574d7.jpg\" \/><\/em><\/p>\n<p style=\"text-align: center;\"><em>GOTT!<\/em><\/p>\n<p style=\"text-align: center;\"><em><img decoding=\"async\" src=\"http:\/\/farm3.static.flickr.com\/2664\/4147982545_09a71c0b14.jpg\" alt=\"http:\/\/farm3.static.flickr.com\/2664\/4147982545_09a71c0b14.jpg\" \/><\/em><\/p>\n<p style=\"text-align: center;\"><em>B\u00e4st jag stoppar in hela p\u00e5 samma g\u00e5ng!<\/em><\/p>\n<p style=\"text-align: center;\"><em><img decoding=\"async\" src=\"http:\/\/farm3.static.flickr.com\/2495\/4147984563_3d803b53dc.jpg\" alt=\"http:\/\/farm3.static.flickr.com\/2495\/4147984563_3d803b53dc.jpg\" \/><\/em><\/p>\n<p style=\"text-align: center;\"><em>Mmmmmm&#8230;.<\/em><\/p>\n<p style=\"text-align: center;\"><em><img decoding=\"async\" src=\"http:\/\/farm3.static.flickr.com\/2527\/4148747968_a995b839c5.jpg\" alt=\"http:\/\/farm3.static.flickr.com\/2527\/4148747968_a995b839c5.jpg\" \/><\/em><\/p>\n<p style=\"text-align: center;\"><em>Pepparkaksfingrar<\/em><\/p>\n<p style=\"text-align: center;\"><em><img decoding=\"async\" src=\"http:\/\/farm3.static.flickr.com\/2690\/4148749286_e36b1d49e5.jpg\" alt=\"http:\/\/farm3.static.flickr.com\/2690\/4148749286_e36b1d49e5.jpg\" \/><\/em><\/p>\n<p style=\"text-align: center;\"><em>F\u00f6rsta ljuset \u00e4r t\u00e4nt<\/em><\/p>\n<p style=\"text-align: left;\">Enligt traditionen firade vi 1:a advent med Josefins f\u00f6r\u00e4ldrar. Innan var vi en kort sv\u00e4ng p\u00e5 julskyltningen i stan, men det regnade och vi kom inte i v\u00e4g f\u00f6rr\u00e4n sent, s\u00e5 vi hann bara med det viktigaste &#8211; att gissa hur h\u00f6g den stora julgranen (bilden) \u00e4r och k\u00f6pa lite lotter. \ud83d\ude42<\/p>\n<p style=\"text-align: left;\">Sen \u00e5kte vi hem till Gustens mormor och morfar och \u00e5t gott och myste med gl\u00f6gg och goda kakor. Det var f\u00f6rsta g\u00e5ngen som jag testade <a href=\"http:\/\/www.blossa.se\/sortiment\/product.aspx?productID=5#start-container\">\u00e5rets Blossa<\/a> och jag tyckte den var god faktiskt. Trots allt man h\u00f6rt om den. En mycket lyckad 1:a advent!<\/p>\n","protected":false},"excerpt":{"rendered":"<p>Julskyltning i Lund Julgranen p\u00e5 Stortorget 1:a adventsfika Gl\u00f6gg Gusten testar pepparkakor f\u00f6r f\u00f6rsta g\u00e5ngen GOTT! B\u00e4st jag stoppar in hela p\u00e5 samma g\u00e5ng! Mmmmmm&#8230;. Pepparkaksfingrar F\u00f6rsta ljuset \u00e4r t\u00e4nt Enligt traditionen firade vi 1:a advent med Josefins f\u00f6r\u00e4ldrar. Innan var vi en kort sv\u00e4ng p\u00e5 julskyltningen i stan, men det regnade och vi kom &hellip; <a href=\"https:\/\/oskarochjosefin.se\/index.php\/2009\/12\/01\/1a-advent-2009-i-bilder\/\" class=\"more-link\">Forts\u00e4tt l\u00e4sa <span class=\"screen-reader-text\">1:a advent 2009 i bilder<\/span> <span class=\"meta-nav\">&rarr;<\/span><\/a><\/p>\n","protected":false},"author":2,"featured_media":0,"comment_status":"open","ping_status":"open","sticky":false,"template":"","format":"standard","meta":{"footnotes":""},"categories":[3],"tags":[835,836,752,838,210,837],"class_list":["post-2092","post","type-post","status-publish","format-standard","hentry","category-oskar","tag-1a-advent","tag-glogg","tag-gott","tag-julgran","tag-julskyltning","tag-pepparkakor"],"_links":{"self":[{"href":"https:\/\/oskarochjosefin.se\/index.php\/wp-json\/wp\/v2\/posts\/2092","targetHints":{"allow":["GET"]}}],"collection":[{"href":"https:\/\/oskarochjosefin.se\/index.php\/wp-json\/wp\/v2\/posts"}],"about":[{"href":"https:\/\/oskarochjosefin.se\/index.php\/wp-json\/wp\/v2\/types\/post"}],"author":[{"embeddable":true,"href":"https:\/\/oskarochjosefin.se\/index.php\/wp-json\/wp\/v2\/users\/2"}],"replies":[{"embeddable":true,"href":"https:\/\/oskarochjosefin.se\/index.php\/wp-json\/wp\/v2\/comments?post=2092"}],"version-history":[{"count":2,"href":"https:\/\/oskarochjosefin.se\/index.php\/wp-json\/wp\/v2\/posts\/2092\/revisions"}],"predecessor-version":[{"id":2094,"href":"https:\/\/oskarochjosefin.se\/index.php\/wp-json\/wp\/v2\/posts\/2092\/revisions\/2094"}],"wp:attachment":[{"href":"https:\/\/oskarochjosefin.se\/index.php\/wp-json\/wp\/v2\/media?parent=2092"}],"wp:term":[{"taxonomy":"category","embeddable":true,"href":"https:\/\/oskarochjosefin.se\/index.php\/wp-json\/wp\/v2\/categories?post=2092"},{"taxonomy":"post_tag","embeddable":true,"href":"https:\/\/oskarochjosefin.se\/index.php\/wp-json\/wp\/v2\/tags?post=2092"}],"curies":[{"name":"wp","href":"https:\/\/api.w.org\/{rel}","templated":true}]}}