{"id":2097,"date":"2009-12-01T23:19:41","date_gmt":"2009-12-01T22:19:41","guid":{"rendered":"http:\/\/oskarochjosefin.se\/?p=2097"},"modified":"2009-12-01T23:29:06","modified_gmt":"2009-12-01T22:29:06","slug":"den-stora-flytten","status":"publish","type":"post","link":"https:\/\/oskarochjosefin.se\/index.php\/2009\/12\/01\/den-stora-flytten\/","title":{"rendered":"Den stora flytten"},"content":{"rendered":"<p style=\"text-align: center;\"><img decoding=\"async\" class=\"aligncenter\" src=\"http:\/\/farm3.static.flickr.com\/2780\/4151428048_a84d996d78.jpg\" alt=\"http:\/\/farm3.static.flickr.com\/2780\/4151428048_a84d996d78.jpg\" \/><\/p>\n<p>Det har varit p\u00e5 g\u00e5ng en l\u00e4ngre tid. Och jag har hintat om det p\u00e5 Twitter och Facebook. Min telefon ringde&#8230;<\/p>\n<p style=\"text-align: center;\"><img loading=\"lazy\" decoding=\"async\" class=\"aligncenter\" src=\"http:\/\/farm3.static.flickr.com\/2748\/4150612561_32882675e5_o.jpg\" alt=\"http:\/\/farm3.static.flickr.com\/2748\/4150612561_32882675e5_o.jpg\" width=\"497\" height=\"205\" \/><\/p>\n<p>Och s\u00e5 ringde det igen&#8230;<\/p>\n<p style=\"text-align: center;\"><img loading=\"lazy\" decoding=\"async\" class=\"aligncenter\" src=\"http:\/\/farm3.static.flickr.com\/2675\/4150612639_e74415efd0_o.jpg\" alt=\"http:\/\/farm3.static.flickr.com\/2675\/4150612639_e74415efd0_o.jpg\" width=\"498\" height=\"210\" \/><\/p>\n<p>Vem var det som ringde d\u00e5? Jo, f\u00f6r en tid sen st\u00e4llde vi oss i k\u00f6 p\u00e5 en ny l\u00e4genhet. Och n\u00e4r jag skrev om de viktiga samtalen syftade jag p\u00e5 ett fr\u00e5n min mor ang\u00e5ende en framtid med fast anst\u00e4llning p\u00e5 familjef\u00f6retaget. Det andra samtalet kom fr\u00e5n GotlandsHem som erbj\u00f6d oss en <a href=\"http:\/\/www.gotlandshem.se\/index.php?page=kvarteret-sjoliljan\">l\u00e4genhet i Visby<\/a>.<\/p>\n<p>Och nu \u00e4r det klart, vi skrev p\u00e5 och skickade in papprena h\u00e4romdagen och betalade in den f\u00f6rsta hyran ig\u00e5r. <span style=\"text-decoration: underline;\"><strong>Vi flyttar till Gotland sommaren 2010!<\/strong><\/span><\/p>\n<p style=\"text-align: center;\"><img loading=\"lazy\" decoding=\"async\" class=\"aligncenter\" src=\"http:\/\/www.gotlandshem.se\/uploads\/images\/sjoliljan_head.jpg\" alt=\"http:\/\/www.gotlandshem.se\/uploads\/images\/sjoliljan_head.jpg\" width=\"500\" height=\"192\" \/><\/p>\n<p>Det har legat i luften en l\u00e4ngre tid, och jag har v\u00e4l alltid funderat p\u00e5 att jobba inom familjef\u00f6retaget i framtiden. Nu har vi kommit ifatt framtiden och arbetsbeskrivningen f\u00f6r mig och m\u00f6jligheterna f\u00f6r f\u00f6retaget \u00e4r s\u00e5 pass intressanta att det inte var n\u00e5got sv\u00e5rt val l\u00e4ngre. Josefins vikariat \u00e4r slut i maj och det har inte dykt upp n\u00e5got bra jobb f\u00f6r mig. Vi b\u00e5da \u00e4lskar Gotland och efter (d\u00e5) tv\u00e5 \u00e5r i Lund blir det fint f\u00f6r Gusten med lite gotl\u00e4ndsk luft.<\/p>\n<p><strong>Vi har kallat det f\u00f6r en 5-\u00e5rsplan.<\/strong> Mycket f\u00f6r att jag inte ska bli nerv\u00f6s av att &#8221;flytta hem&#8221; igen. Men jag har bott i Lund tillsammans med Josefin i mer \u00e4n sex \u00e5r nu, och jag k\u00e4nner att jag b\u00f6rjat titta p\u00e5 min hem\u00f6 med helt nya \u00f6gon. Och med helt nytt boende och en st\u00f6rre roll p\u00e5 f\u00f6retaget k\u00e4nns det bara sp\u00e4nnande och roligt att \u00e5terv\u00e4nda till Visby. Vi ska se vart vi kan f\u00f6ra verksamheten och s\u00e5 f\u00e5r vi se vart vi hamnat om n\u00e5gra \u00e5r. Josefin kommer att titta vidare p\u00e5 jobb under tiden, dr\u00f6mmen \u00e4r v\u00e4l ett bibliotekariejobb p\u00e5 \u00f6n, men kommer ocks\u00e5 att jobba p\u00e5 f\u00f6retaget fram\u00f6ver. Men f\u00f6rst kommer flytten, sommaren och allt vad det inneb\u00e4r, s\u00e5 vi tar en sak i taget.<\/p>\n<p>Jag fl\u00f6rtade ocks\u00e5 lite med er n\u00e4r jag <a href=\"https:\/\/oskarochjosefin.se\/index.php\/2009\/11\/13\/lite-nya-saker\/\">publicerade bilder p\u00e5 Gusten<\/a> fr\u00e5n Galgberget, n\u00e4r jag var hemma p\u00e5 Gotland senast. Jag var inte d\u00e4r uppe f\u00f6r att fotografera Gustens nya kl\u00e4der egentligen. Nej, jag spanade p\u00e5 v\u00e5rt nya boende. GotlandsHems sprillans nya bebyggelse &#8211; <strong>Sj\u00f6liljan<\/strong>. D\u00e4r satte vi upp oss p\u00e5 tre l\u00e4genheter f\u00f6r n\u00e5gon m\u00e5nad sen och eftersom jag k\u00f6at s\u00e5 l\u00e4nge fick vi v\u00e5rt f\u00f6rstahandsval &#8211; en fin trea p\u00e5 femte(!) v\u00e5ningen. S\u00e5 h\u00e4r ser planl\u00f6sningen ut:<\/p>\n<p style=\"text-align: center;\"><a title=\"Planl\u00f6sning\" href=\"http:\/\/farm3.static.flickr.com\/2732\/4150670479_b76db61d2d_b.jpg\" target=\"_blank\"><img decoding=\"async\" class=\"aligncenter\" src=\"http:\/\/farm3.static.flickr.com\/2732\/4150670479_b76db61d2d.jpg\" alt=\"http:\/\/farm3.static.flickr.com\/2732\/4150670479_b76db61d2d.jpg\" \/><\/a><\/p>\n<p>Vi blir av med n\u00e4stan 10 kvadrat j\u00e4mf\u00f6rt med v\u00e5rt nuvarande boende, men det f\u00e5r vi ta. Det \u00e4r fortfarande ganska \u00f6ppen planl\u00f6sning mellan k\u00f6k och vardagsrum, n\u00e5got som vi gillar v\u00e4ldigt mycket. Gusten f\u00e5r rummet i mitten. Vi tar sovrummet l\u00e4ngst in. Det \u00e4r en inglasad balkong som vi faktiskt troligen kommer att anv\u00e4nda. \ud83d\ude42 Utsikt mot nordv\u00e4st. Det kommer bli fina solnedg\u00e5ngar allts\u00e5. En kl\u00e4dkammare! Inte illa. TV, telefoni, och internet ing\u00e5r i hyran. <a href=\"http:\/\/www.gotlandshem.se\/index.php?page=beskrivning\">Det kommer nog bli bra det h\u00e4r<\/a>.<\/p>\n<p>H\u00e4r \u00e4r lite egna bilder fr\u00e5n bygget s\u00e5 h\u00e4r l\u00e5ngt (november 2009).<\/p>\n<p style=\"text-align: center;\"><a title=\"Huset\" href=\"http:\/\/farm3.static.flickr.com\/2759\/4150621031_ba8a046685_b.jpg\" target=\"_blank\"><img decoding=\"async\" class=\"aligncenter\" src=\"http:\/\/farm3.static.flickr.com\/2759\/4150621031_ba8a046685.jpg\" alt=\"http:\/\/farm3.static.flickr.com\/2759\/4150621031_ba8a046685.jpg\" \/><\/a><em><\/em><\/p>\n<p style=\"text-align: center;\"><em>V\u00e5r l\u00e4genhet \u00e4r balkongen l\u00e4ngst upp till v\u00e4nster, fast troligen inte i precis detta huset.<\/em><\/p>\n<p style=\"text-align: center;\"><a title=\"Huset fr\u00e5n galgarna\" href=\"http:\/\/farm3.static.flickr.com\/2729\/4150669471_15bc8a6b2d_b.jpg\" target=\"_blank\"><img decoding=\"async\" src=\"http:\/\/farm3.static.flickr.com\/2729\/4150669471_15bc8a6b2d.jpg\" alt=\"http:\/\/farm3.static.flickr.com\/2729\/4150669471_15bc8a6b2d.jpg\" \/><\/a><\/p>\n<p style=\"text-align: center;\"><em>Utsikt fr\u00e5n de gamla galgarna.<\/em><\/p>\n<p>Det k\u00e4nns \u00f6verm\u00e4ktigt att flytta just nu i livet. Vi har <span style=\"text-decoration: underline;\">s\u00e5<\/span> mycket prylar att sl\u00e4pa med, och det k\u00e4nns p\u00e5 samma g\u00e5ng b\u00e5de jobbigt och roligt att b\u00f6rja gr\u00e4va i alla vr\u00e5r och packa ner och sl\u00e4nga. Vi flyttar till ytterligare en hyresr\u00e4tt, men det k\u00e4nns r\u00e4tt f\u00f6r en tid till fram\u00f6ver, och vi hade inte kunnat k\u00f6pa n\u00e5got lika fint. Det ska bli sp\u00e4nnande att bo i ett helt nytt hus, p\u00e5 en helt ny plats. <a href=\"http:\/\/sv.wikipedia.org\/wiki\/Galgberget,_Visby\">Galgberget<\/a> \u00e4r s\u00e5 vackert och utsikten \u00f6ver havet och staden \u00e4r helt underbar. Som jag har saknat havet!<\/p>\n<p>D\u00e5 var det sagt. <strong>Vi ses p\u00e5 Gotland n\u00e4sta sommar!<\/strong><\/p>\n","protected":false},"excerpt":{"rendered":"<p>Det har varit p\u00e5 g\u00e5ng en l\u00e4ngre tid. Och jag har hintat om det p\u00e5 Twitter och Facebook. Min telefon ringde&#8230; Och s\u00e5 ringde det igen&#8230; Vem var det som ringde d\u00e5? Jo, f\u00f6r en tid sen st\u00e4llde vi oss i k\u00f6 p\u00e5 en ny l\u00e4genhet. Och n\u00e4r jag skrev om de viktiga samtalen syftade &hellip; <a href=\"https:\/\/oskarochjosefin.se\/index.php\/2009\/12\/01\/den-stora-flytten\/\" class=\"more-link\">Forts\u00e4tt l\u00e4sa <span class=\"screen-reader-text\">Den stora flytten<\/span> <span class=\"meta-nav\">&rarr;<\/span><\/a><\/p>\n","protected":false},"author":2,"featured_media":0,"comment_status":"open","ping_status":"open","sticky":false,"template":"","format":"standard","meta":{"footnotes":""},"categories":[3],"tags":[],"class_list":["post-2097","post","type-post","status-publish","format-standard","hentry","category-oskar"],"_links":{"self":[{"href":"https:\/\/oskarochjosefin.se\/index.php\/wp-json\/wp\/v2\/posts\/2097","targetHints":{"allow":["GET"]}}],"collection":[{"href":"https:\/\/oskarochjosefin.se\/index.php\/wp-json\/wp\/v2\/posts"}],"about":[{"href":"https:\/\/oskarochjosefin.se\/index.php\/wp-json\/wp\/v2\/types\/post"}],"author":[{"embeddable":true,"href":"https:\/\/oskarochjosefin.se\/index.php\/wp-json\/wp\/v2\/users\/2"}],"replies":[{"embeddable":true,"href":"https:\/\/oskarochjosefin.se\/index.php\/wp-json\/wp\/v2\/comments?post=2097"}],"version-history":[{"count":4,"href":"https:\/\/oskarochjosefin.se\/index.php\/wp-json\/wp\/v2\/posts\/2097\/revisions"}],"predecessor-version":[{"id":2103,"href":"https:\/\/oskarochjosefin.se\/index.php\/wp-json\/wp\/v2\/posts\/2097\/revisions\/2103"}],"wp:attachment":[{"href":"https:\/\/oskarochjosefin.se\/index.php\/wp-json\/wp\/v2\/media?parent=2097"}],"wp:term":[{"taxonomy":"category","embeddable":true,"href":"https:\/\/oskarochjosefin.se\/index.php\/wp-json\/wp\/v2\/categories?post=2097"},{"taxonomy":"post_tag","embeddable":true,"href":"https:\/\/oskarochjosefin.se\/index.php\/wp-json\/wp\/v2\/tags?post=2097"}],"curies":[{"name":"wp","href":"https:\/\/api.w.org\/{rel}","templated":true}]}}