{"id":213,"date":"2007-10-28T14:27:16","date_gmt":"2007-10-28T12:27:16","guid":{"rendered":"http:\/\/oskarochjosefin.se\/index.php\/2007\/10\/28\/hemma-hos-annika\/"},"modified":"2007-10-28T14:27:16","modified_gmt":"2007-10-28T12:27:16","slug":"hemma-hos-annika","status":"publish","type":"post","link":"https:\/\/oskarochjosefin.se\/index.php\/2007\/10\/28\/hemma-hos-annika\/","title":{"rendered":"Hemma hos: Annika"},"content":{"rendered":"<p>Ig\u00e5r var jag hemma hos Annika i H\u00e4sthagen, f\u00f6r f\u00f6rsta g\u00e5ngen! Det var middag och j\u00e4ttetrevligt. Liza, Emma och Sara var ocks\u00e5 d\u00e4r (ut\u00f6ver mig sj\u00e4lv och Annika d\u00e5 s\u00e5klart).  Annika hade det superfint och hade ocks\u00e5 gjort riktigt god mat. En perfekt h\u00f6stgryta med kyckling och b\u00f6nor. Mums! Och hembakade bullar ocks\u00e5. Och lite vin s\u00e5klart, en perfekt mix.<\/p>\n<p>Nu p\u00e5 s\u00f6ndagen s\u00e5 blev det en sv\u00e4ng inom MediaMarkt och ojoj vad stort det var!! K\u00f6pte ett Clear acrylic and brushed metal case till min Ipod! Rosa dessutom! Nice!<\/p>\n<p><img decoding=\"async\" src=\"https:\/\/oskarochjosefin.se\/wp-content\/uploads\/2007\/10\/5.jpg\" alt=\"Gjorde mig i ordning f\u00f6r middagen\" \/><\/p>\n<p>Jag gjorde mig i ordning inf\u00f6r festen hemma<\/p>\n<p><img decoding=\"async\" src=\"https:\/\/oskarochjosefin.se\/wp-content\/uploads\/2007\/10\/1.jpg\" alt=\"Dukat bord\" \/><\/p>\n<p>N\u00e4r vi kom fram var allting redan klart och bordet dukat!<\/p>\n<p><img decoding=\"async\" src=\"https:\/\/oskarochjosefin.se\/wp-content\/uploads\/2007\/10\/3.jpg\" alt=\"3.jpg\" \/><\/p>\n<p>Lite diskussioner efter maten<\/p>\n<p><img decoding=\"async\" src=\"https:\/\/oskarochjosefin.se\/wp-content\/uploads\/2007\/10\/2.jpg\" alt=\"Dukat bord\" \/><\/p>\n<p>Sara var d\u00e4r<\/p>\n<p><img decoding=\"async\" src=\"https:\/\/oskarochjosefin.se\/wp-content\/uploads\/2007\/10\/4.jpg\" alt=\"och Emma\" \/><\/p>\n<p>Och Emma..<\/p>\n<p><img decoding=\"async\" src=\"https:\/\/oskarochjosefin.se\/wp-content\/uploads\/2007\/10\/6.jpg\" alt=\"6.jpg\" \/><\/p>\n<p>Hemma var iPoden och idag har den f\u00e5tt nytt utseende!<\/p>\n<p>xoxo (jaa, nu har jag sett tv\u00e5 avsnitt av gossip girl!)<\/p>\n","protected":false},"excerpt":{"rendered":"<p>Ig\u00e5r var jag hemma hos Annika i H\u00e4sthagen, f\u00f6r f\u00f6rsta g\u00e5ngen! Det var middag och j\u00e4ttetrevligt. Liza, Emma och Sara var ocks\u00e5 d\u00e4r (ut\u00f6ver mig sj\u00e4lv och Annika d\u00e5 s\u00e5klart). Annika hade det superfint och hade ocks\u00e5 gjort riktigt god mat. En perfekt h\u00f6stgryta med kyckling och b\u00f6nor. Mums! Och hembakade bullar ocks\u00e5. Och lite &hellip; <a href=\"https:\/\/oskarochjosefin.se\/index.php\/2007\/10\/28\/hemma-hos-annika\/\" class=\"more-link\">Forts\u00e4tt l\u00e4sa <span class=\"screen-reader-text\">Hemma hos: Annika<\/span> <span class=\"meta-nav\">&rarr;<\/span><\/a><\/p>\n","protected":false},"author":3,"featured_media":0,"comment_status":"open","ping_status":"open","sticky":false,"template":"","format":"standard","meta":{"footnotes":""},"categories":[4],"tags":[],"class_list":["post-213","post","type-post","status-publish","format-standard","hentry","category-josefin"],"_links":{"self":[{"href":"https:\/\/oskarochjosefin.se\/index.php\/wp-json\/wp\/v2\/posts\/213","targetHints":{"allow":["GET"]}}],"collection":[{"href":"https:\/\/oskarochjosefin.se\/index.php\/wp-json\/wp\/v2\/posts"}],"about":[{"href":"https:\/\/oskarochjosefin.se\/index.php\/wp-json\/wp\/v2\/types\/post"}],"author":[{"embeddable":true,"href":"https:\/\/oskarochjosefin.se\/index.php\/wp-json\/wp\/v2\/users\/3"}],"replies":[{"embeddable":true,"href":"https:\/\/oskarochjosefin.se\/index.php\/wp-json\/wp\/v2\/comments?post=213"}],"version-history":[{"count":0,"href":"https:\/\/oskarochjosefin.se\/index.php\/wp-json\/wp\/v2\/posts\/213\/revisions"}],"wp:attachment":[{"href":"https:\/\/oskarochjosefin.se\/index.php\/wp-json\/wp\/v2\/media?parent=213"}],"wp:term":[{"taxonomy":"category","embeddable":true,"href":"https:\/\/oskarochjosefin.se\/index.php\/wp-json\/wp\/v2\/categories?post=213"},{"taxonomy":"post_tag","embeddable":true,"href":"https:\/\/oskarochjosefin.se\/index.php\/wp-json\/wp\/v2\/tags?post=213"}],"curies":[{"name":"wp","href":"https:\/\/api.w.org\/{rel}","templated":true}]}}