{"id":2158,"date":"2010-01-05T21:35:08","date_gmt":"2010-01-05T20:35:08","guid":{"rendered":"http:\/\/oskarochjosefin.se\/?p=2158"},"modified":"2010-01-05T21:37:30","modified_gmt":"2010-01-05T20:37:30","slug":"en-till","status":"publish","type":"post","link":"https:\/\/oskarochjosefin.se\/index.php\/2010\/01\/05\/en-till\/","title":{"rendered":"En till"},"content":{"rendered":"<p style=\"text-align: center;\"><a href=\"http:\/\/imgs.xkcd.com\/comics\/natural_parenting.png\" target=\"_blank\"><img loading=\"lazy\" decoding=\"async\" class=\"aligncenter\" src=\"http:\/\/imgs.xkcd.com\/comics\/natural_parenting.png\" alt=\"http:\/\/imgs.xkcd.com\/comics\/natural_parenting.png\" width=\"499\" height=\"164\" \/><\/a><\/p>\n<p style=\"text-align: center;\"><em>Oskars bror Fredrik visade oss denna lilla <a href=\"http:\/\/xkcd.com\/674\/\" target=\"_blank\">seriestrip<\/a> h\u00e4romdagen och den passar faktiskt v\u00e4ldigt bra nu.<\/em><\/p>\n<p style=\"text-align: left;\">Med risk f\u00f6r att vara \u00f6vertydliga kan vi skriva att precis s\u00e5 \u00e4r det &#8211; <strong>det \u00e4r visst en till p\u00e5 g\u00e5ng!<\/strong><\/p>\n<p>Ett litet syskon till Gusten som ber\u00e4knas titta fram i b\u00f6rjan av juni, om allt g\u00e5r bra. Vi har inte gjort n\u00e5got ultraljud \u00e4n, men det borde bli snart (vi v\u00e4ntar p\u00e5 kallelsen) och d\u00e5 f\u00e5r vi veta mer exakt.<\/p>\n<p>S\u00e5 nu blir vi allts\u00e5 snart fyra i familjen. Josefin har tyckt att det var extra viktigt d\u00e5 hon sj\u00e4lv inte har n\u00e5gra syskon och p\u00e5 s\u00e5 s\u00e4tt inte kan f\u00e5 till n\u00e5gra roliga kusiner f\u00f6r Gusten att leka med. Oskar s\u00e4tter allt sitt hopp p\u00e5 Fredrik och f\u00e5r han barn som liknar honom sj\u00e4lv l\u00e4r Gusten ha mycket roligt med dem. \ud83d\ude42<\/p>\n<p>Trots att vi visste vad vi gav oss in p\u00e5 denna g\u00e5ngen s\u00e5 har tr\u00f6tthet, illam\u00e5ende, mer tr\u00f6tthet och kr\u00e4k tagit oss p\u00e5 s\u00e4ngen. Vi trodde nog b\u00e5da att det skulle vara l\u00e4ttare nu, att hormonerna inte skulle ta kn\u00e4cken p\u00e5 Josefin eftersom hon varit med f\u00f6rut. Men s\u00e5 var det allts\u00e5 inte. Det har varit som en spegelbild av f\u00f6rra g\u00e5ngen, bara att Gusten inte l\u00e5ter oss vila och sk\u00f6ta om hush\u00e5llet\/varandra s\u00e5 mycket som vi kanske hade velat. Men vi biter ihop och f\u00e5r allt att fungera och \u00e4r s\u00e5 klart v\u00e4ldigt lyckliga \u00f6ver det nya lilla livet.<\/p>\n<p>Lika planerat som det var med Gusten har det varit den h\u00e4r g\u00e5ngen. Vi har alltid t\u00e4nkt oss 2-3 \u00e5r mellan barnen och Josefin slutar sitt vikariat sista maj och flytten till Gotland g\u00e5r i juli. Vi hade allts\u00e5 juni fritt! Perfekt planering. \ud83d\ude42<\/p>\n","protected":false},"excerpt":{"rendered":"<p>Oskars bror Fredrik visade oss denna lilla seriestrip h\u00e4romdagen och den passar faktiskt v\u00e4ldigt bra nu. Med risk f\u00f6r att vara \u00f6vertydliga kan vi skriva att precis s\u00e5 \u00e4r det &#8211; det \u00e4r visst en till p\u00e5 g\u00e5ng! Ett litet syskon till Gusten som ber\u00e4knas titta fram i b\u00f6rjan av juni, om allt g\u00e5r bra. &hellip; <a href=\"https:\/\/oskarochjosefin.se\/index.php\/2010\/01\/05\/en-till\/\" class=\"more-link\">Forts\u00e4tt l\u00e4sa <span class=\"screen-reader-text\">En till<\/span> <span class=\"meta-nav\">&rarr;<\/span><\/a><\/p>\n","protected":false},"author":3,"featured_media":0,"comment_status":"open","ping_status":"open","sticky":false,"template":"","format":"standard","meta":{"footnotes":""},"categories":[4,3],"tags":[802,405,884,886,885,67,883,331],"class_list":["post-2158","post","type-post","status-publish","format-standard","hentry","category-josefin","category-oskar","tag-barn","tag-bebis","tag-gravid","tag-hushall","tag-juni","tag-krak","tag-syskon","tag-trotthet"],"_links":{"self":[{"href":"https:\/\/oskarochjosefin.se\/index.php\/wp-json\/wp\/v2\/posts\/2158","targetHints":{"allow":["GET"]}}],"collection":[{"href":"https:\/\/oskarochjosefin.se\/index.php\/wp-json\/wp\/v2\/posts"}],"about":[{"href":"https:\/\/oskarochjosefin.se\/index.php\/wp-json\/wp\/v2\/types\/post"}],"author":[{"embeddable":true,"href":"https:\/\/oskarochjosefin.se\/index.php\/wp-json\/wp\/v2\/users\/3"}],"replies":[{"embeddable":true,"href":"https:\/\/oskarochjosefin.se\/index.php\/wp-json\/wp\/v2\/comments?post=2158"}],"version-history":[{"count":5,"href":"https:\/\/oskarochjosefin.se\/index.php\/wp-json\/wp\/v2\/posts\/2158\/revisions"}],"predecessor-version":[{"id":2164,"href":"https:\/\/oskarochjosefin.se\/index.php\/wp-json\/wp\/v2\/posts\/2158\/revisions\/2164"}],"wp:attachment":[{"href":"https:\/\/oskarochjosefin.se\/index.php\/wp-json\/wp\/v2\/media?parent=2158"}],"wp:term":[{"taxonomy":"category","embeddable":true,"href":"https:\/\/oskarochjosefin.se\/index.php\/wp-json\/wp\/v2\/categories?post=2158"},{"taxonomy":"post_tag","embeddable":true,"href":"https:\/\/oskarochjosefin.se\/index.php\/wp-json\/wp\/v2\/tags?post=2158"}],"curies":[{"name":"wp","href":"https:\/\/api.w.org\/{rel}","templated":true}]}}