{"id":2167,"date":"2010-01-10T21:53:23","date_gmt":"2010-01-10T20:53:23","guid":{"rendered":"http:\/\/oskarochjosefin.se\/?p=2167"},"modified":"2010-01-10T21:54:36","modified_gmt":"2010-01-10T20:54:36","slug":"gusten-dansar","status":"publish","type":"post","link":"https:\/\/oskarochjosefin.se\/index.php\/2010\/01\/10\/gusten-dansar\/","title":{"rendered":"Gusten dansar"},"content":{"rendered":"<p>Det blir inte s\u00e5 hemskt mycket bloggande dessa dagar. Vi f\u00f6rs\u00f6ker \u00e5terh\u00e4mta oss fr\u00e5n <a href=\"https:\/\/oskarochjosefin.se\/index.php\/2010\/01\/05\/en-till\/\">det stora avsl\u00f6jandet<\/a>, vilket inte verkade vara s\u00e5 v\u00e4rst hemligt trots allt :), och f\u00e5 in lite rutiner nu p\u00e5 ny\u00e5ret med kl\u00e4mdagar och nya planer.<\/p>\n<p>Gusten har f\u00e5tt plats p\u00e5 f\u00f6rskola bara ett stenkast fr\u00e5n d\u00e4r vi bor, och vi har skickat in papprena och tackat ja och v\u00e4ntar bara p\u00e5 att de ska ploppa ner ett datum i brevl\u00e5dan. Stort och sp\u00e4nnande. Under tiden s\u00e5 forts\u00e4tter min pappaledighet och s\u00e5 fort Gusten b\u00f6rjar p\u00e5 dagis g\u00e5r jag upp och jobbar 50% p\u00e5 distans p\u00e5 Kr\u00e4nku. Jag ser verkligen fram emot det och det finns mycket f\u00f6r mig att ta tag i d\u00e4r.<\/p>\n<p>Annars s\u00e5 missade vi ju det sammanfattande 17-m\u00e5nadersinl\u00e4gget och om 5 dagar fyller han 18 m\u00e5nader. Stora killen. Det h\u00e4nder mycket i utveckligen nu och det kan vara bra att sammanfatta en l\u00e4ngre tid, s\u00e5 att man f\u00e5r med de verkliga rutinerna och inte bara olika nyck fr\u00e5n dag till dag. \ud83d\ude42<\/p>\n<p>Men redan nu kan vi bjuda p\u00e5 ett smakprov av vad Gusten gillar att g\u00f6ra mest nu f\u00f6r tiden &#8211; dansa!<br \/>\n<center><object width=\"500\" height=\"304\"><param name=\"movie\" value=\"http:\/\/www.youtube.com\/v\/J46Um8opEdM&#038;hl=sv_SE&#038;fs=1&#038;rel=0&#038;color1=0x3a3a3a&#038;color2=0x999999\"><\/param><param name=\"allowFullScreen\" value=\"true\"><\/param><param name=\"allowscriptaccess\" value=\"always\"><\/param><embed src=\"http:\/\/www.youtube.com\/v\/J46Um8opEdM&#038;hl=sv_SE&#038;fs=1&#038;rel=0&#038;color1=0x3a3a3a&#038;color2=0x999999\" type=\"application\/x-shockwave-flash\" allowscriptaccess=\"always\" allowfullscreen=\"true\" width=\"500\" height=\"300\"><\/embed><\/object><\/p>\n<p><em>H\u00e4r rockar han loss (med undantag f\u00f6r sm\u00e5 lekpauser med nya t\u00e5get) till favvol\u00e5ten &#8221;Blue Skies&#8221; med <a href=\"http:\/\/www.myspace.com\/noahandthewhale\">Noah and the Whale<\/a>. Han har bra smak, det har han.<\/em><\/center><\/p>\n<p>Aprop\u00e5 utveckling, ni minns v\u00e4l hur det <a href=\"https:\/\/oskarochjosefin.se\/index.php\/2009\/08\/24\/gusten-dansar-eller-jakten-pa-den-basta-videosajten\/\">s\u00e5g ut f\u00f6r 4-5 m\u00e5nader sen<\/a>. Visst har han f\u00e5tt in en del nya moves? \ud83d\ude09<\/p>\n","protected":false},"excerpt":{"rendered":"<p>Det blir inte s\u00e5 hemskt mycket bloggande dessa dagar. Vi f\u00f6rs\u00f6ker \u00e5terh\u00e4mta oss fr\u00e5n det stora avsl\u00f6jandet, vilket inte verkade vara s\u00e5 v\u00e4rst hemligt trots allt :), och f\u00e5 in lite rutiner nu p\u00e5 ny\u00e5ret med kl\u00e4mdagar och nya planer. Gusten har f\u00e5tt plats p\u00e5 f\u00f6rskola bara ett stenkast fr\u00e5n d\u00e4r vi bor, och vi &hellip; <a href=\"https:\/\/oskarochjosefin.se\/index.php\/2010\/01\/10\/gusten-dansar\/\" class=\"more-link\">Forts\u00e4tt l\u00e4sa <span class=\"screen-reader-text\">Gusten dansar<\/span> <span class=\"meta-nav\">&rarr;<\/span><\/a><\/p>\n","protected":false},"author":2,"featured_media":0,"comment_status":"open","ping_status":"open","sticky":false,"template":"","format":"standard","meta":{"footnotes":""},"categories":[3],"tags":[890,892,889,553,10,7,891,225,259],"class_list":["post-2167","post","type-post","status-publish","format-standard","hentry","category-oskar","tag-avslojande","tag-dagis","tag-dansa","tag-forskola","tag-gustenfilm","tag-musik","tag-noah-and-the-whale","tag-nyar","tag-utveckling"],"_links":{"self":[{"href":"https:\/\/oskarochjosefin.se\/index.php\/wp-json\/wp\/v2\/posts\/2167","targetHints":{"allow":["GET"]}}],"collection":[{"href":"https:\/\/oskarochjosefin.se\/index.php\/wp-json\/wp\/v2\/posts"}],"about":[{"href":"https:\/\/oskarochjosefin.se\/index.php\/wp-json\/wp\/v2\/types\/post"}],"author":[{"embeddable":true,"href":"https:\/\/oskarochjosefin.se\/index.php\/wp-json\/wp\/v2\/users\/2"}],"replies":[{"embeddable":true,"href":"https:\/\/oskarochjosefin.se\/index.php\/wp-json\/wp\/v2\/comments?post=2167"}],"version-history":[{"count":4,"href":"https:\/\/oskarochjosefin.se\/index.php\/wp-json\/wp\/v2\/posts\/2167\/revisions"}],"predecessor-version":[{"id":2171,"href":"https:\/\/oskarochjosefin.se\/index.php\/wp-json\/wp\/v2\/posts\/2167\/revisions\/2171"}],"wp:attachment":[{"href":"https:\/\/oskarochjosefin.se\/index.php\/wp-json\/wp\/v2\/media?parent=2167"}],"wp:term":[{"taxonomy":"category","embeddable":true,"href":"https:\/\/oskarochjosefin.se\/index.php\/wp-json\/wp\/v2\/categories?post=2167"},{"taxonomy":"post_tag","embeddable":true,"href":"https:\/\/oskarochjosefin.se\/index.php\/wp-json\/wp\/v2\/tags?post=2167"}],"curies":[{"name":"wp","href":"https:\/\/api.w.org\/{rel}","templated":true}]}}