{"id":2181,"date":"2010-01-15T22:02:11","date_gmt":"2010-01-15T21:02:11","guid":{"rendered":"http:\/\/oskarochjosefin.se\/?p=2181"},"modified":"2010-01-15T23:36:51","modified_gmt":"2010-01-15T22:36:51","slug":"gusten-1-12-ar-idag","status":"publish","type":"post","link":"https:\/\/oskarochjosefin.se\/index.php\/2010\/01\/15\/gusten-1-12-ar-idag\/","title":{"rendered":"Gusten &#8211; 1 1\/2 \u00e5r idag!"},"content":{"rendered":"<p style=\"text-align: center;\"><a title=\"Nyvaken kille\" href=\"http:\/\/farm5.static.flickr.com\/4008\/4277446786_511d3c484e_b.jpg\" target=\"_blank\"><img loading=\"lazy\" decoding=\"async\" class=\"aligncenter\" style=\"cursor: -moz-zoom-out;\" src=\"http:\/\/farm5.static.flickr.com\/4008\/4277446786_511d3c484e_b.jpg\" alt=\"http:\/\/farm5.static.flickr.com\/4008\/4277446786_511d3c484e_b.jpg\" width=\"500\" height=\"750\" \/><\/a><\/p>\n<p style=\"text-align: center;\"><em>Nyvaken Gusten efter dagens sovstund.<\/em><\/p>\n<p>Idag \u00e4r det ett och ett halvt \u00e5r sedan <a href=\"https:\/\/oskarochjosefin.se\/index.php\/2008\/07\/15\/\">Gusten f\u00f6ddes<\/a>. S\u00e5 mycket har h\u00e4nt sedan dess att man knappt f\u00f6rst\u00e5r det. Nu springer han omkring, \u00e4ter sj\u00e4lv och f\u00f6rs\u00f6ker st\u00e4ndigt g\u00f6ra sig f\u00f6rst\u00e5dd med nya ord. Vi har haft en himla tur med v\u00e5r lille kille, han \u00e4r helt enkelt underbar.<\/p>\n<p>P\u00e5 senaste tiden har han blivit \u00e4nnu st\u00f6rre och l\u00e4rt sig massor mer (s\u00e5klart). Nu hj\u00e4lper han alltid till att packa upp matkassar och tycker det \u00e4r s\u00e5 sp\u00e4nnande! Han kan peka ut de flesta kroppsdelar nu ocks\u00e5 &#8211; b\u00e5de p\u00e5 sig sj\u00e4lv och p\u00e5 oss. Han s\u00e4ger ocks\u00e5 namn p\u00e5 n\u00e5gra av dem (mun och n\u00e4sa s\u00e4ger han fint). <a href=\"https:\/\/oskarochjosefin.se\/index.php\/2009\/12\/08\/vad-sager-hunden\/\">Djurl\u00e4ten<\/a> \u00e4r kanske lite old news men han har blivit b\u00e4ttre p\u00e5 det ocks\u00e5.<\/p>\n<p>Maten g\u00e5r ocks\u00e5 fram\u00e5t v\u00e4ldigt bra. N\u00e4r han fyllde 17 m\u00e5nader var vi precis p\u00e5 v\u00e4g att skriva ett inl\u00e4gg om han blivit v\u00e4ldigt kinkig med b\u00e5de s\u00f6mn och mat. Men sen kom annat i v\u00e4gen och vi hann aldrig posta n\u00e5got d\u00e5. Och tur var kanske det, eftersom vi d\u00e5 slapp dementera n\u00e5gra uppgifter. Det b\u00f6rjade n\u00e4mligen med att han v\u00e4grade \u00e4ta, och vi trodde att vi var p\u00e5 v\u00e4g in i en stor trotsperiod. I samma veva ville han absolut inte somna i famnen l\u00e4ngre heller, och att ligga p\u00e5 madrassen och sova gick inte heller. Han var som f\u00f6rbytt med massor av nya fixid\u00e9er allts\u00e5. Men snart kom vi p\u00e5 att med maten s\u00e5 hade han tr\u00f6ttnat p\u00e5 den k\u00f6pta burkmaten som han d\u00e5 fortfarande \u00e5t ganska mycket av. Och samtidigt ville han b\u00f6rja \u00e4ta mera sj\u00e4lv ocks\u00e5 och v\u00e4grade att ta mat fr\u00e5n den sked som bj\u00f6ds honom. S\u00e5 vi gick helt \u00f6ver till hemmagjord mat p\u00e5 alla m\u00e5l och l\u00e4t honom samtidigt \u00f6va upp f\u00e4rdigheten med att man\u00f6vrera besticken sj\u00e4lv. Och efter n\u00e5gra dagars kr\u00e5nglande, trixande och fixande satt han d\u00e4r och \u00e5t sj\u00e4lv och var mycket n\u00f6jd. Maten \u00e4r fortfarande inte helt fri fr\u00e5n orosmoment dock och det finns dagar d\u00e5 han \u00e4r mycket petig med vad han stoppar i sig. Men \u00e4ven d\u00e4r har vi m\u00e4rkt ett m\u00f6nster i att han \u00e4ter bra i alla fall varannan dag som minst. Vilket k\u00e4nns sk\u00f6nt.<\/p>\n<p>Dagss\u00f6mnen d\u00e5? Jo, redan samma dag som han v\u00e4grade somna i Oskars famn eller p\u00e5 madrassen gick Oskar ut med honom s\u00e5 han fick somna i vagnen. Och det fungerade \u00f6ver f\u00f6rv\u00e4ntan, precis som om han vore en liten sp\u00e4dis igen. Det var ocks\u00e5 bra tajmning eftersom vi skulle vara lite mindre hemma \u00f6ver julen och beh\u00f6vde d\u00e5 inte fundera p\u00e5 var och hur han skulle sova, om vi hade vagnen med oss. Och s\u00e5 \u00e4r det allts\u00e5 fortfarande. Han \u00e4ter lunch, sen tar vi av honom till bara t-shirt och bl\u00f6ja, kl\u00e4r p\u00e5 honom m\u00f6ssa och overall och stoppar honom i \u00e5kp\u00e5sen och rullar ut med vagnen. Efter c:a 10 minuter sover han och d\u00e5 kan man g\u00e5 in igen och s\u00e5 sover han runt tv\u00e5 timmar i vagnen i hallen. Det \u00e4r bara att dra ner \u00e5kp\u00e5sen lite och ta av m\u00f6ssan s\u00e5 \u00e4r det som att sova med t\u00e4cke i s\u00e4ngen. Han blir kanske liite varmare \u00e4n i s\u00e4ngen (han brukar vara svettig n\u00e4r han vaknar) men han sover j\u00e4ttebra d\u00e4r och alla blir n\u00f6jda och glada.<\/p>\n<p>Det h\u00e4r \u00e4r Gusten &#8211; 18 m\u00e5nader:<\/p>\n<ul>\n<li>Dansar som aldrig f\u00f6rr &#8211; favoritl\u00e5ten just nu \u00e4r <a href=\"https:\/\/oskarochjosefin.se\/index.php\/2010\/01\/10\/gusten-dansar\/\">Blue Skies med Noah and the Whale<\/a>.<\/li>\n<li>S\u00e4tter ihop tv\u00e5ordsmeningar som <em>t\u00e5g, d\u00e4r<\/em> och <em>mommo, d\u00e4r<\/em> osv.<\/li>\n<\/ul>\n<p style=\"text-align: center;\"><object classid=\"clsid:d27cdb6e-ae6d-11cf-96b8-444553540000\" width=\"500\" height=\"304\" codebase=\"http:\/\/download.macromedia.com\/pub\/shockwave\/cabs\/flash\/swflash.cab#version=6,0,40,0\"><param name=\"allowFullScreen\" value=\"true\" \/><param name=\"allowscriptaccess\" value=\"always\" \/><param name=\"src\" value=\"http:\/\/www.youtube.com\/v\/TRYKfPtYt4A&amp;hl=sv_SE&amp;fs=1&amp;rel=0&amp;color1=0x3a3a3a&amp;color2=0x999999\" \/><param name=\"allowfullscreen\" value=\"true\" \/><embed type=\"application\/x-shockwave-flash\" width=\"500\" height=\"304\" src=\"http:\/\/www.youtube.com\/v\/TRYKfPtYt4A&amp;hl=sv_SE&amp;fs=1&amp;rel=0&amp;color1=0x3a3a3a&amp;color2=0x999999\" allowscriptaccess=\"always\" allowfullscreen=\"true\"><\/embed><\/object><\/p>\n<ul>\n<li><em>Springer <\/em>runt \u00f6verallt, <em>g\u00e5r <\/em>v\u00e4ldigt s\u00e4llan.<\/li>\n<li>Har l\u00e4rt sig att s\u00e4ga &#8221;nej&#8221; nu, vilket vi faktiskt har sluppit ( \ud83d\ude09 ) innan. Det anv\u00e4nds dock inte f\u00f6r att v\u00e4rja sig mot saker utan d\u00e4r \u00e4r det fortfarande springa iv\u00e4g och g\u00f6mma sig bakom gardinen som fungerar b\u00e4st. Men ibland kommer det ett klockrent &#8221;n\u00e4\u00e4j&#8221; p\u00e5 raka fr\u00e5gor. V\u00e4ldigt gulligt.<\/li>\n<li>Gillar ocks\u00e5 att leka titut bakom gardiner, inte bara g\u00f6mma sig. Han kan st\u00e5r d\u00e4r ett tag och pl\u00f6tsligt h\u00f6r man ett &#8221;titt-\u00e4\u00e4h&#8221; och ett litet yvigt huvud kikar fram. To die for.<\/li>\n<li>Utf\u00f6r enklare \u00f6nskningar som <em>&#8221;Ge boken till mamma&#8221; <\/em>eller <em>&#8221;L\u00e4gg dig p\u00e5 min arm&#8221;<\/em>. Det sistn\u00e4mnda \u00e4r v\u00e4ldigt bra att anv\u00e4nda vid kv\u00e4llens l\u00e4ggning d\u00e5 han gosar in sig och slappnar av lite.<\/li>\n<li>Vill h\u00e5lla handen v\u00e4\u00e4ldigt ofta. Helst vill han sl\u00e4pa med en till n\u00e5got som han vill att man ska g\u00f6ra eller titta p\u00e5. Detta g\u00f6r han \u00e4ven med mormor, morfar, v\u00e4nner och bekanta. Han vill \u00e4ven h\u00e5lla handen ganska ofta n\u00e4r vi \u00e4r ute och g\u00e5r vilket g\u00f6r att man kan ta sig fram\u00e5t fortare och lite s\u00e4krare \u00e4n tidigare, d\u00e5 man var ute och gick med en springtokig galning som inte alltid hade huvudet med sig. En klar f\u00f6rb\u00e4ttring allts\u00e5. \ud83d\ude09<\/li>\n<li>Myser v\u00e4ldigt mycket mer. L\u00e4gger sig sj\u00e4lv i soffan med en bok eller vill att man ska f\u00f6lja med in och busa\/gosa p\u00e5 madrassen i hans rum.<\/li>\n<\/ul>\n<p style=\"text-align: center;\"><a title=\"Mysa med pappa\" href=\"http:\/\/farm5.static.flickr.com\/4068\/4276689139_c4e9446ed4_b.jpg\" target=\"_blank\"><img decoding=\"async\" src=\"http:\/\/farm5.static.flickr.com\/4068\/4276689139_c4e9446ed4.jpg\" alt=\"\" \/><\/a><\/p>\n<ul>\n<li>Den f\u00f6rra iPod Touchen gick ju s\u00f6nder men Oskar k\u00f6pte en ny f\u00f6r en del av julklappspengarna. Det har blivit en ny favorit att kolla p\u00e5 youtube (<a href=\"http:\/\/www.youtube.com\/watch?v=dWNcPxGUsMM\">t\u00e5g<\/a>, <a href=\"http:\/\/www.youtube.com\/watch?v=5E3Z4pCYOys\">Babblarna<\/a> eller <a href=\"http:\/\/www.youtube.com\/watch?v=hnZEzPbNgpE\">annat<\/a>), bilder p\u00e5 n\u00e4rmsta sl\u00e4kten och v\u00e4nnerna eller lyssna p\u00e5 musik. Han \u00e4r ocks\u00e5 en fena p\u00e5 att f\u00f6ra fingret \u00f6ver sk\u00e4rmen s\u00e5 att den byter bild, n\u00e5got som inte ens alla vuxna klarar. \ud83d\ude09 Vi brukar ocks\u00e5 kolla p\u00e5 lite kortare <a href=\"http:\/\/animoto.com\/\">Animoto<\/a>-slideshows som Oskar har gjort direkt p\u00e5 iPoden.\u00a0 <a href=\"http:\/\/animoto.com\/play\/Ki85Uu30dM7yBmr2FawRZg#\">&#8221;Gustens t\u00e5g&#8221;<\/a> eller <a href=\"http:\/\/animoto.com\/play\/XKxuBf7Y28YJfxmwsbtL0Q\">&#8221;Gusten traktorer&#8221;<\/a>.<\/li>\n<li>Blivit mycket mera mammig, \u00e4ven fast pappan \u00e4r hemma heela dagarna. Eller kanske just d\u00e4rf\u00f6r. \ud83d\ude09<\/li>\n<li>Har <a href=\"https:\/\/oskarochjosefin.se\/index.php\/2010\/01\/08\/sex-tander\/\">16 t\u00e4nder<\/a> i munnen nu, som st\u00f6r honom lite d\u00e5 och d\u00e5 och verkar g\u00f6ra tandborstningen i \u00f6verk\u00e4ken mindre behaglig f\u00f6r tillf\u00e4llet.<\/li>\n<li>Pussas och kramas v\u00e4ldigt mycket mera, och det kan ofta bli l\u00e5nga, h\u00e5rda kramar och bl\u00f6ta kyssar.<\/li>\n<\/ul>\n<p style=\"text-align: center;\"><a title=\"Puss mamma!\" href=\"http:\/\/farm5.static.flickr.com\/4050\/4277441724_7f2dd0cf10_b.jpg\" target=\"_blank\"><img decoding=\"async\" class=\"aligncenter\" src=\"http:\/\/farm5.static.flickr.com\/4050\/4277441724_7f2dd0cf10.jpg\" alt=\"\" \/><\/a><\/p>\n<p style=\"text-align: center;\"><a title=\"Pussas med mamma\" href=\"http:\/\/farm5.static.flickr.com\/4018\/4277444140_d855c4cf38_b.jpg\" target=\"_blank\"><img loading=\"lazy\" decoding=\"async\" class=\"aligncenter\" style=\"cursor: -moz-zoom-out;\" src=\"http:\/\/farm5.static.flickr.com\/4018\/4277444140_d855c4cf38_b.jpg\" alt=\"http:\/\/farm5.static.flickr.com\/4018\/4277444140_d855c4cf38_b.jpg\" width=\"499\" height=\"749\" \/><\/a><\/p>\n<ul>\n<li>Gnuggar v\u00e4ldigt g\u00e4rna n\u00e4sa.<\/li>\n<li>Vill att andra ska pussas, och tar g\u00e4rna tag och trycker ihop de tv\u00e5 huvuden han f\u00e5r tag i. Det \u00e4r v\u00e4ldigt s\u00f6tt n\u00e4r det g\u00e4ller mamman och pappan, och lite mer pinsamt n\u00e4r det \u00e4r pappan och Gustens mormor. \ud83d\ude09<\/li>\n<li>Blir uppr\u00f6rd n\u00e4r saker inte \u00e4r som de ska. Allt fr\u00e5n att det inte \u00e4r st\u00e4ngt ordentligt i sopsk\u00e5pet till att t\u00e5get har &#8221;g\u00e5tt s\u00f6nder&#8221;, och s\u00e5 m\u00e5\u00e5ste man s\u00e4tta ihop det igen.<\/li>\n<li>Gillar att visa var dammsugaren (<em>da-da<\/em>) \u00e4r.<\/li>\n<li>\u00c4lskar att hj\u00e4lpa till att packa upp kassar n\u00e4r vi handlat<\/li>\n<li>Har f\u00e5tt en hang-up p\u00e5 klockor och ser dem \u00f6verallt. Oftast r\u00e4tt men ser ocks\u00e5 klockor i m\u00e5nga runda former (som ex. brandvarnaren)<\/li>\n<li>Kallar lampor f\u00f6r <em>pappa <\/em>r\u00e4tt ofta, och det st\u00e4mmer n\u00e4stan  &#8211; pappa \u00e4r h\u00f6gt upp och ljus. han ocks\u00e5. Josefins till\u00e4gg. \ud83d\ude09<\/li>\n<li>\u00c4lskar fortfarande att bada. Och m\u00e5ste ocks\u00e5 g\u00f6ra det v\u00e4ldigt ofta med alla svettiga sovstunder och allt \u00e4ta-sj\u00e4lv-kladd som det \u00e4nd\u00e5 blir.<\/li>\n<\/ul>\n<p style=\"text-align: center;\"><a title=\"Gusten i badet\" href=\"http:\/\/farm3.static.flickr.com\/2785\/4277437288_957bde6046_b.jpg\" target=\"_blank\"><img decoding=\"async\" class=\"aligncenter\" src=\"http:\/\/farm3.static.flickr.com\/2785\/4277437288_957bde6046.jpg\" alt=\"\" \/><\/a><\/p>\n<p style=\"text-align: center;\"><a title=\"Bus i badet\" href=\"http:\/\/farm3.static.flickr.com\/2512\/4276693319_e20bbf196c_b.jpg\" target=\"_blank\"><img decoding=\"async\" src=\"http:\/\/farm3.static.flickr.com\/2512\/4276693319_e20bbf196c.jpg\" alt=\"\" \/><\/a><\/p>\n<p style=\"text-align: center;\"><em>Bus i badet!<\/em><\/p>\n<p>Det var en del av det som karakt\u00e4riserar v\u00e5r lille son just nu i livet &#8211; 18 m\u00e5nader gammal och alldeles alldeles underbar.<\/p>\n","protected":false},"excerpt":{"rendered":"<p>Nyvaken Gusten efter dagens sovstund. Idag \u00e4r det ett och ett halvt \u00e5r sedan Gusten f\u00f6ddes. S\u00e5 mycket har h\u00e4nt sedan dess att man knappt f\u00f6rst\u00e5r det. Nu springer han omkring, \u00e4ter sj\u00e4lv och f\u00f6rs\u00f6ker st\u00e4ndigt g\u00f6ra sig f\u00f6rst\u00e5dd med nya ord. Vi har haft en himla tur med v\u00e5r lille kille, han \u00e4r helt &hellip; <a href=\"https:\/\/oskarochjosefin.se\/index.php\/2010\/01\/15\/gusten-1-12-ar-idag\/\" class=\"more-link\">Forts\u00e4tt l\u00e4sa <span class=\"screen-reader-text\">Gusten &#8211; 1 1\/2 \u00e5r idag!<\/span> <span class=\"meta-nav\">&rarr;<\/span><\/a><\/p>\n","protected":false},"author":3,"featured_media":0,"comment_status":"open","ping_status":"open","sticky":false,"template":"","format":"standard","meta":{"footnotes":""},"categories":[4,3],"tags":[897,898,5,259],"class_list":["post-2181","post","type-post","status-publish","format-standard","hentry","category-josefin","category-oskar","tag-18-manader","tag-ettochetthalvt-ar","tag-gusten","tag-utveckling"],"_links":{"self":[{"href":"https:\/\/oskarochjosefin.se\/index.php\/wp-json\/wp\/v2\/posts\/2181","targetHints":{"allow":["GET"]}}],"collection":[{"href":"https:\/\/oskarochjosefin.se\/index.php\/wp-json\/wp\/v2\/posts"}],"about":[{"href":"https:\/\/oskarochjosefin.se\/index.php\/wp-json\/wp\/v2\/types\/post"}],"author":[{"embeddable":true,"href":"https:\/\/oskarochjosefin.se\/index.php\/wp-json\/wp\/v2\/users\/3"}],"replies":[{"embeddable":true,"href":"https:\/\/oskarochjosefin.se\/index.php\/wp-json\/wp\/v2\/comments?post=2181"}],"version-history":[{"count":5,"href":"https:\/\/oskarochjosefin.se\/index.php\/wp-json\/wp\/v2\/posts\/2181\/revisions"}],"predecessor-version":[{"id":2186,"href":"https:\/\/oskarochjosefin.se\/index.php\/wp-json\/wp\/v2\/posts\/2181\/revisions\/2186"}],"wp:attachment":[{"href":"https:\/\/oskarochjosefin.se\/index.php\/wp-json\/wp\/v2\/media?parent=2181"}],"wp:term":[{"taxonomy":"category","embeddable":true,"href":"https:\/\/oskarochjosefin.se\/index.php\/wp-json\/wp\/v2\/categories?post=2181"},{"taxonomy":"post_tag","embeddable":true,"href":"https:\/\/oskarochjosefin.se\/index.php\/wp-json\/wp\/v2\/tags?post=2181"}],"curies":[{"name":"wp","href":"https:\/\/api.w.org\/{rel}","templated":true}]}}