{"id":2219,"date":"2010-01-31T20:36:42","date_gmt":"2010-01-31T19:36:42","guid":{"rendered":"http:\/\/oskarochjosefin.se\/?p=2219"},"modified":"2010-01-31T20:36:42","modified_gmt":"2010-01-31T19:36:42","slug":"tankar-om-imorgon-och-lite-om-idag","status":"publish","type":"post","link":"https:\/\/oskarochjosefin.se\/index.php\/2010\/01\/31\/tankar-om-imorgon-och-lite-om-idag\/","title":{"rendered":"Tankar om imorgon (och lite om idag)"},"content":{"rendered":"<p>Imorgon ska Gusten b\u00f6rja p\u00e5 f\u00f6rskola. Det k\u00e4nns l\u00e4skigt, \u00e4ven om det \u00e4r n\u00e5got naturligt. Och jag ska inte vara med p\u00e5 inskolningen utan Oskar ska ha hand om den. Visserligen kommer det nog mest vara information och kanske lite rundvandring imorgon men det k\u00e4nns \u00e4nd\u00e5 som en stor dag. Det \u00e4r sv\u00e5rt att f\u00f6rst\u00e5 hur lilla killen blivit s\u00e5 stor. Jag kan se honom framf\u00f6r mig imorgon, ikl\u00e4dd fina kl\u00e4der av Oskar &#8211; g\u00f6mmandes sig bakom Oskars ben och blygt titta fram men inte v\u00e5ga s\u00e4ga n\u00e5got eller g\u00f6ra n\u00e5got alls. Detta blir ju l\u00e4tt en av de st\u00f6rsta grejerna som h\u00e4nt honom hittills. Hu, blir alldeles sentimental n\u00e4r jag t\u00e4nker p\u00e5 det. Tur att Oskar \u00e4r den tryggaste person jag vet. Och inte alls lika pjoskig med Gusten som jag heller \ud83d\ude42<\/p>\n<p>Annars har dagen varit fin, vi trotsade sn\u00f6(o)v\u00e4dret och \u00e5kte in till malm\u00f6 f\u00f6r frukost-fika hos \u00c5sa, Andreas och Hugo imorse. Hugo har blivit \u00e4nnu b\u00e4ttre p\u00e5 att krypa och tar sig runt \u00f6verallt hur l\u00e4tt som helst. Imponerande att se. Och vi var rej\u00e4lt m\u00e4tta n\u00e4r vi \u00e5kte hem efter att mumsat p\u00e5 mackor med goda p\u00e5l\u00e4gg och yoghurt med hallon och bl\u00e5b\u00e4r samt kakor! Sen fick jag present ocks\u00e5, alltid kul! Speciellt n\u00e4r man inte fyller \u00e5r eller n\u00e5t \ud83d\ude00 Jag fick en j\u00e4ttefin goodie-bag (kallar jag det) med sm\u00e5tt och gott till mig (f\u00e5r se om jag kommer ih\u00e5g allt: polly, energikakor, dextrosol, gravidtidning, drinkmix, l\u00e4sk och ett j\u00e4ttefint kort\/brev) samt en j\u00e4ttegullig body i stl 56. Oh my god vad 56 \u00e4r litet &#8211; Gusten drar ju numera 92 och 74 b\u00f6rjar bli litet f\u00f6r Hugo! S\u00e5 56 \u00e4r minilitet! Men s\u00e5 s\u00f6tt! Jag blev j\u00e4tteglad! \ud83d\ude00<\/p>\n<p>Resten av dagen har vi tagit det lugnt, h\u00e4ngt hemma, Gusten sov bara en timme efter lunch och det har blivit mycket lek med den lille busen. En av hans favvogrejer just nu \u00e4r att sno ens plats n\u00e4r man g\u00e5r. Speciellt f\u00e5t\u00f6ljen \u00e4r han intresserad av &#8211; om man suttit d\u00e4r och sen g\u00e5r d\u00e4rifr\u00e5n \u00e4r han blixtsnabb upp och gosar in sig d\u00e4r. Sen v\u00e4ntar han med sp\u00e4nning p\u00e5 n\u00e4r man ska uppt\u00e4cka &#8221;st\u00f6lden&#8221; och ser s\u00e5\u00e5 busig och s\u00e5 glad ut n\u00e4r man ser det (och d\u00e5 brukar han bli kittlad ocks\u00e5 hihi, som straff!). Ikv\u00e4ll blev det hemmagjord pizza och till och med Gusten \u00e5t av det (fast han \u00e5t ris och fiskbullar som huvudr\u00e4tt). H\u00e4rligt! Nu ska det bli damernas dektektivbyr\u00e5 (n\u00e4r klockan v\u00e4l \u00e4r 21.15) p\u00e5 teve innan det blir av att f\u00f6rs\u00f6ka sk\u00f6nsova inf\u00f6r jobbveckan.<\/p>\n","protected":false},"excerpt":{"rendered":"<p>Imorgon ska Gusten b\u00f6rja p\u00e5 f\u00f6rskola. Det k\u00e4nns l\u00e4skigt, \u00e4ven om det \u00e4r n\u00e5got naturligt. Och jag ska inte vara med p\u00e5 inskolningen utan Oskar ska ha hand om den. Visserligen kommer det nog mest vara information och kanske lite rundvandring imorgon men det k\u00e4nns \u00e4nd\u00e5 som en stor dag. Det \u00e4r sv\u00e5rt att f\u00f6rst\u00e5 &hellip; <a href=\"https:\/\/oskarochjosefin.se\/index.php\/2010\/01\/31\/tankar-om-imorgon-och-lite-om-idag\/\" class=\"more-link\">Forts\u00e4tt l\u00e4sa <span class=\"screen-reader-text\">Tankar om imorgon (och lite om idag)<\/span> <span class=\"meta-nav\">&rarr;<\/span><\/a><\/p>\n","protected":false},"author":3,"featured_media":0,"comment_status":"open","ping_status":"open","sticky":false,"template":"","format":"standard","meta":{"footnotes":""},"categories":[4],"tags":[64,169,892,553,591,912,15,1257,575,913],"class_list":["post-2219","post","type-post","status-publish","format-standard","hentry","category-josefin","tag-andreas","tag-asa","tag-dagis","tag-forskola","tag-hugo","tag-inskolning","tag-mat","tag-oskar","tag-present","tag-stor-dag"],"_links":{"self":[{"href":"https:\/\/oskarochjosefin.se\/index.php\/wp-json\/wp\/v2\/posts\/2219","targetHints":{"allow":["GET"]}}],"collection":[{"href":"https:\/\/oskarochjosefin.se\/index.php\/wp-json\/wp\/v2\/posts"}],"about":[{"href":"https:\/\/oskarochjosefin.se\/index.php\/wp-json\/wp\/v2\/types\/post"}],"author":[{"embeddable":true,"href":"https:\/\/oskarochjosefin.se\/index.php\/wp-json\/wp\/v2\/users\/3"}],"replies":[{"embeddable":true,"href":"https:\/\/oskarochjosefin.se\/index.php\/wp-json\/wp\/v2\/comments?post=2219"}],"version-history":[{"count":1,"href":"https:\/\/oskarochjosefin.se\/index.php\/wp-json\/wp\/v2\/posts\/2219\/revisions"}],"predecessor-version":[{"id":2220,"href":"https:\/\/oskarochjosefin.se\/index.php\/wp-json\/wp\/v2\/posts\/2219\/revisions\/2220"}],"wp:attachment":[{"href":"https:\/\/oskarochjosefin.se\/index.php\/wp-json\/wp\/v2\/media?parent=2219"}],"wp:term":[{"taxonomy":"category","embeddable":true,"href":"https:\/\/oskarochjosefin.se\/index.php\/wp-json\/wp\/v2\/categories?post=2219"},{"taxonomy":"post_tag","embeddable":true,"href":"https:\/\/oskarochjosefin.se\/index.php\/wp-json\/wp\/v2\/tags?post=2219"}],"curies":[{"name":"wp","href":"https:\/\/api.w.org\/{rel}","templated":true}]}}