{"id":2252,"date":"2010-02-11T23:34:26","date_gmt":"2010-02-11T22:34:26","guid":{"rendered":"http:\/\/oskarochjosefin.se\/?p=2252"},"modified":"2010-02-11T23:34:26","modified_gmt":"2010-02-11T22:34:26","slug":"trubbel","status":"publish","type":"post","link":"https:\/\/oskarochjosefin.se\/index.php\/2010\/02\/11\/trubbel\/","title":{"rendered":"Trubbel"},"content":{"rendered":"<p><em>Men, hur g\u00e5r det med Gustens inskolning d\u00e5?<\/em> Det kanske ni undrar?<\/p>\n<p><em>Och hur har de det i Lund annars?<\/em> Kanske ni ocks\u00e5 fr\u00e5gar er?<\/p>\n<p>Svaren blir v\u00e4l<em> inte s\u00e5 bra<\/em>, respektive <em>ganska s\u00e5 bra<\/em>. Gustens inskolning har verkligen haltat den h\u00e4r veckan efter en ganska s\u00e5 bra start p\u00e5 f\u00f6rsta veckan. Den h\u00e4r veckan b\u00f6rjade med en mysig <a href=\"..\/index.php\/2010\/02\/08\/feberfria-dagen\/\">feberfri m\u00e5ndag<\/a>. Vi hade det bra hemma Gusten och jag, men var b\u00e5da sugna p\u00e5 att f\u00e5 komma tillbaka till f\u00f6rskolan. Inskolning skulle ju antagligen g\u00e5 fortsatt bra <em><a href=\"..\/index.php\/2010\/02\/07\/feber-2\/\">om han h\u00e5ller sig frisk<\/a><\/em>, skrev jag, men det var precis det han inte gjorde.<\/p>\n<p>Det b\u00f6rjade med en helvetesnatt mellan m\u00e5ndagen och tisdagen. Han vaknade lite efter midnatt och var pigg och ville inte somna om. Han vill sitta upp i s\u00e4ngen och leka och var inte alls intresserad av att sova. F\u00f6rst vid 03 gav vi honom lite v\u00e4lling, som han inte f\u00e5r p\u00e5 natten annars, och d\u00e5 slappnade han av och sov sen oroligt med mig resten av natten. Josefin sov ute p\u00e5 soffan f\u00f6r att klara av att jobba dagen efter\u00e5t. Efter 05 vaknade jag och d\u00e5 sov Gusten lite djupare s\u00e5 d\u00e5 gick jag ut och bytte plats med Josefin, som kunde f\u00e5 n\u00e5gon timme till i s\u00e4ngen.<\/p>\n<p>P\u00e5 tisdag morgon var han \u00e4nd\u00e5 pigg och verkade fortsatt frisk, \u00e4ven om mamman och pappan var tv\u00e5 levande halvd\u00f6da. Josefins sl\u00e4pade sig till jobbet och jag sl\u00e4pade iv\u00e4g Gusten och mig sj\u00e4lv till f\u00f6rskolan. Vi var d\u00e4r mellan 9-11 igen, men vi kunde inte stanna p\u00e5 lunch eftersom v\u00e5r f\u00f6rskoll\u00e4rare var hemma och vabbade. Men jag l\u00e4mnade honom sj\u00e4lv under hela den tiden och han lekte p\u00e5 som vanligt och hade \u00e4ven tytt sig lite mer till en annan f\u00f6rskoll\u00e4rare. S\u00e5 det var ju bra. Jag k\u00f6pte lite nudlar och v\u00e5rrullar p\u00e5 v\u00e4gen hem och vi gick hem och lunchade. Han b\u00f6rjade bli lite snorig tyckte jag, men n\u00e4san verkar rinna mest hela tiden p\u00e5 dessa sm\u00e5 (och \u00e4ven vuxna ju) n\u00e4r man \u00e4r ute i den h\u00e4r kylan, s\u00e5 jag t\u00e4nkte inte mer p\u00e5 det. Efter maten lade jag honom i vagnen, som alltid nu f\u00f6r tiden, och vi gick ut f\u00f6r att sova. Han var lite sv\u00e5rsomnad, men efter 20-25 minuter sov han s\u00f6tt. Jag gick in igen, st\u00e4llde vagnen i hallen och hade precis slappnat av n\u00e4r jag h\u00f6rde honom hosta till fr\u00e5n vagnen. Sen kom lite gn\u00e4ll och s\u00e5 var han vaken igen. Han ville inte vila med mig s\u00e4ngen och var v\u00e4ldigt ledsen s\u00e5 d\u00e5 gick vi ut f\u00f6r att somna om igen, eftersom han fortfarande var j\u00e4ttetr\u00f6tt. Vi gick och gick och gick. Runt runt i kvarteret.<em> Men det gick inte<\/em>. Jag gick in en sv\u00e4ng igen, han var ledsen, jag bar p\u00e5 honom, men han kunde inte somna p\u00e5 n\u00e5got s\u00e4tt. Tillslut gick vi ut f\u00f6r en tredje g\u00e5ng och med en bananmuta kunde jag f\u00e5 honom att somna igen. S\u00e5 jag gick in igen, men efter kanske 15-20 min, n\u00e4r jag precis hade lagt mig och blundat, h\u00f6r jag honom gr\u00e5ta i hallen igen. Just denna dag var ju lite vila p\u00e5 dagen extra viktigt f\u00f6r mig ocks\u00e5, efter den tuffa natt vi hade haft. Men nej, s\u00e5 skulle det inte bli. Resten av dagen g\u00e5r vi b\u00e5da i ett t\u00f6cken och det blir mycket vilande och mysande och \u00e4ven t\u00e5rar fr\u00e5n en \u00f6vertr\u00f6tt Gusten. Men ingen s\u00f6mn. Det b\u00f6rjar ocks\u00e5 komma mer och mer snor.<\/p>\n<p>Josefin kommer hem med semlor(!) vid 17 och jag f\u00e5r \u00e4ven vila 30-40 minuter innan maten. Guld v\u00e4rt! P\u00e5 kv\u00e4llen skulle jag n\u00e4mligen p\u00e5 bio med Franks pappa Fredrik och utan vila hade det nog inte g\u00e5tt. Men Josefin tog nattningen och jag kunde kila iv\u00e4g lite innan 20 f\u00f6r att m\u00f6ta upp f\u00f6r en \u00f6l innan bion. Sen s\u00e5g vi The Road och en riktigt jobbig dag avrundades med en riktigt fin kv\u00e4ll.<\/p>\n<p>Han sov d\u00e5ligt \u00e4ven natten mellan tisdagen och onsdagen och vi hade hans s\u00e4ng i v\u00e5rt rum. Han var nu riktigt f\u00f6rkyld och vi stannade s\u00e5ledes hemma fr\u00e5n f\u00f6rskolan p\u00e5 onsdagen. Hela dagen var ungef\u00e4r samma visa som p\u00e5 tisdagen. Han kunde inte somna i vagnen och ville inte sova i s\u00e4ngen eller i famnen. Jag bar honom i famnen i stort sett hela dagen och runt 15 somnar vi b\u00e5da i den stora s\u00e4ngen framf\u00f6r <a href=\"http:\/\/www.thomasandfriends.com\/others\/\">Thomas och v\u00e4nnerna<\/a>. P\u00e5 kv\u00e4llen tar Josefin \u00e4nnu en nattning och jag \u00e5ker iv\u00e4g till Malm\u00f6 och spelar basket. Utan de tv\u00e5 &#8221;lediga&#8221; kv\u00e4llarna hade jag nog inte orkat med allt lika bra, och jag \u00e4r s\u00e5 glad att vi \u00e4r tv\u00e5 i det h\u00e4r. Josefin \u00e4r en hj\u00e4lte som jobbar hela dagarna och sen kommer hem och kavlar upp \u00e4rmarna. Gravid och allt. \ud83d\ude42<\/p>\n<p><img decoding=\"async\" src=\"http:\/\/farm5.static.flickr.com\/4022\/4349221589_23e9359298.jpg\" alt=\"http:\/\/farm5.static.flickr.com\/4022\/4349221589_23e9359298.jpg\" \/><\/p>\n<p style=\"text-align: center;\"><em>En vanlig syn h\u00e4r hemma f\u00f6r mig. Gusten ovanp\u00e5 mig. Vilande eller busande.<\/em><\/p>\n<p>S\u00e5 idag, torsdag, har vi stannat hemma fr\u00e5n f\u00f6rskolan ocks\u00e5. Vi t\u00e4nkte detta som en feberfri snordag bara, han har bara haft l\u00e5g feber under hela denna f\u00f6rkylning och s\u00e5 fort det v\u00e4rsta snorandet \u00e4r \u00f6ver t\u00e4nkte vi g\u00e5 tillbaka till f\u00f6rskolan. Men s\u00e5 kom det gr\u00f6nt snor idag och han var verkligen f\u00f6rkyld. Han hade ocks\u00e5 lite feber runt lunch och vi best\u00e4mde ganska snart att han skulle f\u00e5 stanna hemma i morgon ocks\u00e5. Han kunde dock \u00e4ta b\u00e4ttre idag och han sov b\u00e4ttre natten till idag ocks\u00e5. Och s\u00e5 somnade han ute i vagnen igen f\u00f6r f\u00f6rsta g\u00e5ngen p\u00e5 tv\u00e5 dagar. Lycka! Jag kunde vila lite och han fick n\u00e5gon timme finfin dagss\u00f6mn.<\/p>\n<p>Nu sover han s\u00f6tt i sin s\u00e4ng och jag kan blogga f\u00f6r f\u00f6rsta g\u00e5ngen sen i m\u00e5ndags. Jag har verkligen inte haft en enda stund \u00f6ver att ens skriva en liten uppdatering. Och systemkameran \u00e4r p\u00e5 lagning, efter att jag hade den i golvet i julas och blixten inte f\u00e4ller upp sig l\u00e4ngre :(, och min nya mobil \u00e4r p\u00e5 lagning eftersom mikrofonen inte fungerar. S\u00e5 det blir inte s\u00e5 l\u00e4tt att l\u00e4gga upp bilder eller skicka in sm\u00e5 korta inl\u00e4gg heller. Men snart \u00e4r allt fixat, Gusten kommer bli frisk och vi kommer komma ig\u00e5ng med de nya rutinerna.<\/p>\n<p>Men s\u00e5 b\u00f6rjar ju Gusten f\u00f6rskolan p\u00e5 allvar snart, vad ska vi blogga om d\u00e5? \ud83d\ude09<\/p>\n<p>(antagligen om fler f\u00f6rkylningar&#8230; scheisse.)<\/p>\n","protected":false},"excerpt":{"rendered":"<p>Men, hur g\u00e5r det med Gustens inskolning d\u00e5? Det kanske ni undrar? Och hur har de det i Lund annars? Kanske ni ocks\u00e5 fr\u00e5gar er? Svaren blir v\u00e4l inte s\u00e5 bra, respektive ganska s\u00e5 bra. Gustens inskolning har verkligen haltat den h\u00e4r veckan efter en ganska s\u00e5 bra start p\u00e5 f\u00f6rsta veckan. Den h\u00e4r veckan &hellip; <a href=\"https:\/\/oskarochjosefin.se\/index.php\/2010\/02\/11\/trubbel\/\" class=\"more-link\">Forts\u00e4tt l\u00e4sa <span class=\"screen-reader-text\">Trubbel<\/span> <span class=\"meta-nav\">&rarr;<\/span><\/a><\/p>\n","protected":false},"author":2,"featured_media":0,"comment_status":"open","ping_status":"open","sticky":false,"template":"","format":"standard","meta":{"footnotes":""},"categories":[3],"tags":[9,413,525,235,912,520,850],"class_list":["post-2252","post","type-post","status-publish","format-standard","hentry","category-oskar","tag-basket","tag-bio","tag-feber","tag-hemma","tag-inskolning","tag-sjuk","tag-snor"],"_links":{"self":[{"href":"https:\/\/oskarochjosefin.se\/index.php\/wp-json\/wp\/v2\/posts\/2252","targetHints":{"allow":["GET"]}}],"collection":[{"href":"https:\/\/oskarochjosefin.se\/index.php\/wp-json\/wp\/v2\/posts"}],"about":[{"href":"https:\/\/oskarochjosefin.se\/index.php\/wp-json\/wp\/v2\/types\/post"}],"author":[{"embeddable":true,"href":"https:\/\/oskarochjosefin.se\/index.php\/wp-json\/wp\/v2\/users\/2"}],"replies":[{"embeddable":true,"href":"https:\/\/oskarochjosefin.se\/index.php\/wp-json\/wp\/v2\/comments?post=2252"}],"version-history":[{"count":1,"href":"https:\/\/oskarochjosefin.se\/index.php\/wp-json\/wp\/v2\/posts\/2252\/revisions"}],"predecessor-version":[{"id":2253,"href":"https:\/\/oskarochjosefin.se\/index.php\/wp-json\/wp\/v2\/posts\/2252\/revisions\/2253"}],"wp:attachment":[{"href":"https:\/\/oskarochjosefin.se\/index.php\/wp-json\/wp\/v2\/media?parent=2252"}],"wp:term":[{"taxonomy":"category","embeddable":true,"href":"https:\/\/oskarochjosefin.se\/index.php\/wp-json\/wp\/v2\/categories?post=2252"},{"taxonomy":"post_tag","embeddable":true,"href":"https:\/\/oskarochjosefin.se\/index.php\/wp-json\/wp\/v2\/tags?post=2252"}],"curies":[{"name":"wp","href":"https:\/\/api.w.org\/{rel}","templated":true}]}}