{"id":2294,"date":"2010-02-25T23:00:37","date_gmt":"2010-02-25T22:00:37","guid":{"rendered":"http:\/\/oskarochjosefin.se\/?p=2294"},"modified":"2010-02-25T23:00:37","modified_gmt":"2010-02-25T22:00:37","slug":"inskolning-med-sovstund","status":"publish","type":"post","link":"https:\/\/oskarochjosefin.se\/index.php\/2010\/02\/25\/inskolning-med-sovstund\/","title":{"rendered":"Inskolning med sovstund"},"content":{"rendered":"<p>Ig\u00e5r var en v\u00e4ldigt stor dag i Gustens och v\u00e5ra liv. Han skulle testa att sova p\u00e5 f\u00f6rskolan f\u00f6r f\u00f6rsta g\u00e5ngen. Vi gick dit vid 09 och de hade sagt innan att jag bara skulle komma in lite snabbt och sen g\u00e5 iv\u00e4g. S\u00e5 jag kl\u00e4dde av Gusten och var kvar ett litet tag innan jag satte mig p\u00e5 huk, klappade om honom och sa &#8221;Hej d\u00e5, nu ska pappa g\u00e5.&#8221; N\u00e4r jag b\u00f6rjade g\u00e5 gick han efter lite och d\u00e5 plockade v\u00e5r fr\u00f6ken upp honom och d\u00e5, f\u00f6r f\u00f6rsta g\u00e5ngen vid ett avsked p\u00e5 f\u00f6rskolan, kom t\u00e5rarna. Jag var ju tvungen att g\u00e5 vidare men det sved till lite n\u00e4r jag fortfarande h\u00f6rde honom gr\u00e5ta genom d\u00f6rren n\u00e4r jag g\u00e5tt ut. Samtidigt k\u00e4ndes det okej, eftersom det var f\u00f6rsta tecknet p\u00e5 att han kommer att sakna mig och att han verkligen f\u00f6rst\u00e5r att han ska vara kvar d\u00e4r utan oss. Det \u00e4r en viktig insikt f\u00f6r honom och n\u00e5got som antagligen m\u00e5ste komma innan han fullt ut kan acceptera att vara d\u00e4r hela dagarna.<\/p>\n<p>Redan promenaden hem var nerv\u00f6s och jag v\u00e4ntade hela tiden p\u00e5 samtalet om att &#8221;Nej, tyv\u00e4rr, Gusten slutade aldrig att gr\u00e5ta efter att du gick. Kan du komma och h\u00e4mta honom?&#8221;. Men de ringde inte. Och jag gick hem. Jag satte mig och jobbade framf\u00f6r datorn, fortfarande helt ovan med att Gusten inte ligger och sover i hallen. N\u00e5got som han alltid annars g\u00f6r om jag kan sitta i lugn och ro framf\u00f6r datorn. \ud83d\ude09<\/p>\n<p>Och dagen g\u00e5r. Jag \u00e4r helt nerv\u00f6s hela tiden och har ingen direkt aptit. Men jag lyckades tillslut <a href=\"http:\/\/twitter.com\/oskardahlbom\/status\/9573193215\">laga lite mat<\/a>. Sen var det dags f\u00f6r h\u00e4mtning och i god tid beger jag mig tillbaka till f\u00f6rskolan. N\u00e4r jag kommer fram g\u00e5r det runt nyvakna sm\u00e5troll med bara tr\u00f6jor och bl\u00f6jor lite h\u00e4r och d\u00e4r p\u00e5 Krusb\u00e4ret. Personalen h\u00e5ller p\u00e5 att t\u00e4nda och och dra upp persiennerna och f\u00e5r syn p\u00e5 mig: &#8221;- Gusten sover&#8221;. Jag k\u00e4nner hur en enorm sten faller fr\u00e5n mitt br\u00f6st. Jag f\u00e5r komma in och detta \u00e4r vad som m\u00f6ter mig:<\/p>\n<p><img decoding=\"async\" src=\"http:\/\/farm3.static.flickr.com\/2754\/4388308882_84d7769343.jpg\" alt=\"Sovande dagisbarn\" \/><\/p>\n<p style=\"text-align: center;\"><em>Sovande vagnkille. (<a href=\"http:\/\/farm3.static.flickr.com\/2754\/4388308882_473038d297_o.jpg\">klicka h\u00e4r f\u00f6r st\u00f6rre bild<\/a>)<\/em><\/p>\n<p style=\"text-align: left;\">D\u00e4r l\u00e5g han allts\u00e5. Och sov i en barnvagn inomhus. Precis som hemma. V\u00e5r inskolningsfr\u00f6ken hade f\u00f6rs\u00f6kt att l\u00e4gga honom men han hade v\u00e4grat att ligga ner p\u00e5 madrassen. Han hade tyckt det var okej att vara d\u00e4r inne och hade suttit och l\u00e4st lite. Och sen hade hon lagt sig ner sj\u00e4lv och l\u00e5tsats sova, men d\u00e5 hade han bara dragit i henne och f\u00f6rs\u00f6kt v\u00e4cka henne igen. D\u00e5 hade hon kommit ih\u00e5g att jag sagt att han alltid sover middag i barnvagnen hemma och rullat in tvillingvagnen som de har f\u00f6r utflykter in i sovsalen. D\u00e4r hade hon bara rullat honom lite fram och tillbaka och d\u00e5 hade han somnat som en stock, redan vid halv ett. Och n\u00e4r jag kom vid tv\u00e5 sov han allts\u00e5 fortfarande. \u00c5h. Visst, man kan se det som ett nederlag i sig, att han tvunget skulle sova i vagnen, men det viktigaste \u00e4r ju att han kan sova \u00f6verhuvudtaget p\u00e5 dagis, hur han sover d\u00e4r kanske l\u00f6ser sig lite l\u00e4ttare l\u00e4ngre fram.<\/p>\n<p style=\"text-align: left;\">Annars hade dagen g\u00e5tt bra ocks\u00e5. Han hade varit med och lekt \u00e4nnu mer och tydligen \u00e4tit fint ocks\u00e5. Och bara n\u00e5gra sekunder efter jag tagit den f\u00f6rsta bilden, s\u00e5 kisar tv\u00e5 sm\u00e5 bl\u00e5 \u00f6gon mot mig:<\/p>\n<p style=\"text-align: left;\"><img decoding=\"async\" src=\"http:\/\/farm3.static.flickr.com\/2769\/4387548581_9aecf2eaa9.jpg\" alt=\"Vaket dagisbarn\" \/><\/p>\n<p style=\"text-align: center;\"><em>Nyvaken vagnkille. (<a href=\"http:\/\/farm3.static.flickr.com\/2769\/4387548581_a164b7280b_o.jpg\">klicka  h\u00e4r f\u00f6r st\u00f6rre bild<\/a>)<\/em><\/p>\n<p>Han verkade v\u00e4ldigt f\u00f6rv\u00e5nad \u00f6ver att se mig, verkade det som. <em>F\u00f6rst g\u00e5r pappa och \u00e4r borta halva dagen. Sen somnar jag och n\u00e4r jag vaknar s\u00e5 \u00e4r han tillbaka igen. Mycket konstigt. Borde kanske ha somnat tidigare.<\/em>..<\/p>\n<p>En l\u00e4ttad pappa och en v\u00e4ldigt glad Gusten packar i alla fall ihop sina saker och g\u00e5r tillsammans hem\u00e5t igen. Vi ringer mamma Josefin p\u00e5 v\u00e4gen och ber\u00e4ttar allt. Det blir en av de absolut finaste promenaderna vi har tagit tillsammans, mycket eftersom all nervositet och alla ansp\u00e4nningar hade sl\u00e4ppt d\u00e5.<\/p>\n<p>S\u00e5 idag var det dags f\u00f6r samma sak. Jag l\u00e4mnade \u00e4nnu snabbare, tog bara av mig skorna och gick in och kl\u00e4dde av honom och sa sen hej d\u00e5. Det blev ett liknande avsked med lite t\u00e5rar fr\u00e5n Gusten n\u00e4r han f\u00e5ngades upp av fr\u00f6ken, men jag k\u00e4nde redan d\u00e5 hur mitt pappahj\u00e4rta hade rustat upp lite b\u00e4ttre, och det sved inte riktigt lika m\u00e5nga meter av promenaden hem. Sen fl\u00f6g dagen f\u00f6rbi och jag kunde jobba en hel del. S\u00e5 himla roligt det \u00e4r att kunna jobba med n\u00e5got man verkligen gillar och samtidigt veta att Gusten \u00e4r p\u00e5 en rolig och trygg plats och har det v\u00e4ldigt bra och kul. Det \u00e4r verkligen en stor g\u00e5va, n\u00e4r allt kan klaffa s\u00e5 bra.<\/p>\n<p>Pl\u00f6tsligt \u00e4r klockan n\u00e4stan tv\u00e5 igen och jag kilar tillbaka till f\u00f6rskolan. Idag m\u00f6ts jag av Gusten och fr\u00f6ken redan ute i korridoren. Hon \u00e4r p\u00e5 v\u00e4g ut f\u00f6r att flytta bilen f\u00f6r att sn\u00f6plogen ska komma fram och t\u00e4nkte tajma det med min ankomst. Gusten har sina vinterk\u00e4ngor p\u00e5 sig och \u00e4ven den svarta lurvjackan han har under overallen annars. Han hade tydligen velat ha p\u00e5 sig dessa plagg hela dagen, eftersom han inte riktigt var i samma form idag tydligen, och de k\u00e4nde att om det gjorde honom mera trygg s\u00e5 fick han g\u00e4rna det. Han hade t o m gjort morgongympan i k\u00e4ngorna. Galna unge! Annars hade han varit lite tr\u00f6ttare idag (han sov i v\u00e5r s\u00e4ng i natt och hostade en del) och hade inte \u00e4tit s\u00e5 bra. Sen hade han stupat i vagnen p\u00e5 sovstunden p\u00e5 samma s\u00e4tt, redan efter 12 n\u00e5gon g\u00e5ng, och sovit till kvart i tv\u00e5. S\u00e5 trots en lite s\u00e4mre dag hade han \u00e4nd\u00e5 h\u00e5llit ihop bra och v\u00e5r f\u00f6rskoll\u00e4rare var j\u00e4tten\u00f6jd med hur det hade g\u00e5tt hittills. Vi fick en bra pratstund d\u00e4r ute i korridoren och allt k\u00e4ndes helt underbart n\u00e4r vi gick d\u00e4rifr\u00e5n. Vi ringde Josefin p\u00e5 v\u00e4gen hem igen och ber\u00e4ttade de glada nyheterna. Ikv\u00e4ll har vi haft \u00c5sa, Andreas och fina Hugo p\u00e5 bes\u00f6k. En riktigt bra dag allts\u00e5.<\/p>\n<p>Det verkar som det kommer ordna sig med Gusten p\u00e5 f\u00f6rskola trots allt. Bara han f\u00e5r en chans att vara d\u00e4r och slipper alltf\u00f6r mycket sjukdomar. Vi h\u00e5ller lite extra koll nu pga dagens form, men vi hoppas fortfarande att det \u00e4r efterdyningar fr\u00e5n senaste f\u00f6rkylningen\/inflammationen. Det f\u00e5r morgondagen utvisa. God natt!<\/p>\n","protected":false},"excerpt":{"rendered":"<p>Ig\u00e5r var en v\u00e4ldigt stor dag i Gustens och v\u00e5ra liv. Han skulle testa att sova p\u00e5 f\u00f6rskolan f\u00f6r f\u00f6rsta g\u00e5ngen. Vi gick dit vid 09 och de hade sagt innan att jag bara skulle komma in lite snabbt och sen g\u00e5 iv\u00e4g. S\u00e5 jag kl\u00e4dde av Gusten och var kvar ett litet tag innan &hellip; <a href=\"https:\/\/oskarochjosefin.se\/index.php\/2010\/02\/25\/inskolning-med-sovstund\/\" class=\"more-link\">Forts\u00e4tt l\u00e4sa <span class=\"screen-reader-text\">Inskolning med sovstund<\/span> <span class=\"meta-nav\">&rarr;<\/span><\/a><\/p>\n","protected":false},"author":2,"featured_media":0,"comment_status":"open","ping_status":"open","sticky":false,"template":"","format":"standard","meta":{"footnotes":""},"categories":[3],"tags":[553,937,912,920,672,589,470,383],"class_list":["post-2294","post","type-post","status-publish","format-standard","hentry","category-oskar","tag-forskola","tag-grata","tag-inskolning","tag-lamna","tag-leka","tag-skor","tag-sova","tag-vagn"],"_links":{"self":[{"href":"https:\/\/oskarochjosefin.se\/index.php\/wp-json\/wp\/v2\/posts\/2294","targetHints":{"allow":["GET"]}}],"collection":[{"href":"https:\/\/oskarochjosefin.se\/index.php\/wp-json\/wp\/v2\/posts"}],"about":[{"href":"https:\/\/oskarochjosefin.se\/index.php\/wp-json\/wp\/v2\/types\/post"}],"author":[{"embeddable":true,"href":"https:\/\/oskarochjosefin.se\/index.php\/wp-json\/wp\/v2\/users\/2"}],"replies":[{"embeddable":true,"href":"https:\/\/oskarochjosefin.se\/index.php\/wp-json\/wp\/v2\/comments?post=2294"}],"version-history":[{"count":1,"href":"https:\/\/oskarochjosefin.se\/index.php\/wp-json\/wp\/v2\/posts\/2294\/revisions"}],"predecessor-version":[{"id":2295,"href":"https:\/\/oskarochjosefin.se\/index.php\/wp-json\/wp\/v2\/posts\/2294\/revisions\/2295"}],"wp:attachment":[{"href":"https:\/\/oskarochjosefin.se\/index.php\/wp-json\/wp\/v2\/media?parent=2294"}],"wp:term":[{"taxonomy":"category","embeddable":true,"href":"https:\/\/oskarochjosefin.se\/index.php\/wp-json\/wp\/v2\/categories?post=2294"},{"taxonomy":"post_tag","embeddable":true,"href":"https:\/\/oskarochjosefin.se\/index.php\/wp-json\/wp\/v2\/tags?post=2294"}],"curies":[{"name":"wp","href":"https:\/\/api.w.org\/{rel}","templated":true}]}}