{"id":2332,"date":"2010-03-10T10:19:32","date_gmt":"2010-03-10T09:19:32","guid":{"rendered":"http:\/\/oskarochjosefin.se\/?p=2332"},"modified":"2010-03-10T10:23:16","modified_gmt":"2010-03-10T09:23:16","slug":"lyxmellis","status":"publish","type":"post","link":"https:\/\/oskarochjosefin.se\/index.php\/2010\/03\/10\/lyxmellis\/","title":{"rendered":"Lyxmellis"},"content":{"rendered":"<p>Vi har diskuterat lite fram och tillbaka tidigare om Gusten ska f\u00e5 stanna till 14 eller 15 p\u00e5 dagis. Stannar han till 15 f\u00e5r han mellanm\u00e5l d\u00e4r och h\u00e4mtar vi vid 14 \u00e4ter han det hemma. Och nu n\u00e4r vi har f\u00e5tt chansen att se vad som bjuds vore det elakt, ja n\u00e4stan grymt, att ta hem honom vid 14. F\u00f6r titta vad han skulle ha missat denna vecka:<\/p>\n<p><a title=\"Gustens lyxmellis!\" href=\"http:\/\/farm5.static.flickr.com\/4016\/4421409415_f91ed787dd_b.jpg\" target=\"_blank\"><img decoding=\"async\" src=\"http:\/\/farm5.static.flickr.com\/4016\/4421409415_f91ed787dd.jpg\" alt=\"Lyxmellis\" \/><\/a><\/p>\n<p>Vecka 10 serveras allts\u00e5:<\/p>\n<ul>\n<li> M\u00f6rdegsinbakad \u00e4ppelrulle<\/li>\n<li>Pannkakor med sylt<\/li>\n<li>Sm\u00f6rg\u00e5s med mj\u00f6lk och gr\u00f6nsaker<\/li>\n<li>Minipizza<\/li>\n<li>Fruktfat<\/li>\n<\/ul>\n<p>S\u00e5 nu \u00e4r det best\u00e4mt, killen stannar p\u00e5 dagis till 15. Allt annat vore en om\u00e4nsklig handling&#8230; \ud83d\ude09<\/p>\n","protected":false},"excerpt":{"rendered":"<p>Vi har diskuterat lite fram och tillbaka tidigare om Gusten ska f\u00e5 stanna till 14 eller 15 p\u00e5 dagis. Stannar han till 15 f\u00e5r han mellanm\u00e5l d\u00e4r och h\u00e4mtar vi vid 14 \u00e4ter han det hemma. Och nu n\u00e4r vi har f\u00e5tt chansen att se vad som bjuds vore det elakt, ja n\u00e4stan grymt, att &hellip; <a href=\"https:\/\/oskarochjosefin.se\/index.php\/2010\/03\/10\/lyxmellis\/\" class=\"more-link\">Forts\u00e4tt l\u00e4sa <span class=\"screen-reader-text\">Lyxmellis<\/span> <span class=\"meta-nav\">&rarr;<\/span><\/a><\/p>\n","protected":false},"author":2,"featured_media":0,"comment_status":"open","ping_status":"open","sticky":false,"template":"","format":"standard","meta":{"footnotes":""},"categories":[3],"tags":[621,892,553,15,391],"class_list":["post-2332","post","type-post","status-publish","format-standard","hentry","category-oskar","tag-ata","tag-dagis","tag-forskola","tag-mat","tag-mellanmal"],"_links":{"self":[{"href":"https:\/\/oskarochjosefin.se\/index.php\/wp-json\/wp\/v2\/posts\/2332","targetHints":{"allow":["GET"]}}],"collection":[{"href":"https:\/\/oskarochjosefin.se\/index.php\/wp-json\/wp\/v2\/posts"}],"about":[{"href":"https:\/\/oskarochjosefin.se\/index.php\/wp-json\/wp\/v2\/types\/post"}],"author":[{"embeddable":true,"href":"https:\/\/oskarochjosefin.se\/index.php\/wp-json\/wp\/v2\/users\/2"}],"replies":[{"embeddable":true,"href":"https:\/\/oskarochjosefin.se\/index.php\/wp-json\/wp\/v2\/comments?post=2332"}],"version-history":[{"count":3,"href":"https:\/\/oskarochjosefin.se\/index.php\/wp-json\/wp\/v2\/posts\/2332\/revisions"}],"predecessor-version":[{"id":2335,"href":"https:\/\/oskarochjosefin.se\/index.php\/wp-json\/wp\/v2\/posts\/2332\/revisions\/2335"}],"wp:attachment":[{"href":"https:\/\/oskarochjosefin.se\/index.php\/wp-json\/wp\/v2\/media?parent=2332"}],"wp:term":[{"taxonomy":"category","embeddable":true,"href":"https:\/\/oskarochjosefin.se\/index.php\/wp-json\/wp\/v2\/categories?post=2332"},{"taxonomy":"post_tag","embeddable":true,"href":"https:\/\/oskarochjosefin.se\/index.php\/wp-json\/wp\/v2\/tags?post=2332"}],"curies":[{"name":"wp","href":"https:\/\/api.w.org\/{rel}","templated":true}]}}