{"id":2365,"date":"2010-03-29T20:43:03","date_gmt":"2010-03-29T19:43:03","guid":{"rendered":"http:\/\/oskarochjosefin.se\/?p=2365"},"modified":"2010-03-29T20:43:03","modified_gmt":"2010-03-29T19:43:03","slug":"frisk-flytt-och-amsterdam","status":"publish","type":"post","link":"https:\/\/oskarochjosefin.se\/index.php\/2010\/03\/29\/frisk-flytt-och-amsterdam\/","title":{"rendered":"Frisk, flytt och Amsterdam"},"content":{"rendered":"<p style=\"text-align: center;\"><img decoding=\"async\" class=\"aligncenter\" src=\"http:\/\/farm3.static.flickr.com\/2804\/4474276164_974b2a05ba.jpg\" alt=\"En frisk kille\" \/><br \/>\n<em>En frisk kille busar efter dagis.<\/em><\/p>\n<p style=\"text-align: left;\">Gusten \u00e4r helt frisk igen och var tillbaka p\u00e5 f\u00f6rskolan idag. Han var glad \u00f6ver att f\u00e5 vara tillbaka till sina nyfunna kompisar igen, och jag var glad \u00f6ver att f\u00e5 vara tillbaka p\u00e5 jobbet (hemmakontoret). S\u00f6ndagen fick ju lite snurr p g a sommartiden och Gusten somnade sent efter lunchen och nattades \u00e4ven sent p\u00e5 kv\u00e4llen. Och i morse sov han till 08(!) vilket \u00e4r sent \u00e4ven f\u00f6r vintertid (07). Men vi kastade i oss frukosten och, lite senare \u00e4n vanligt, stapplade vi in p\u00e5 f\u00f6rskolan. Gusten fann sig snabbt och brydde sig inte direkt n\u00e4r jag sa &gt;&gt;hej d\u00e5&lt;&lt; och gick.<\/p>\n<p style=\"text-align: left;\">Vi var lite oroliga \u00f6ver hur det skulle g\u00e5 p\u00e5 dagis eftersom Gustens huvud knappast st\u00e4llt om sig till sommartid \u00e4nnu, och inte v\u00e5ra heller direkt. Men n\u00e4r jag h\u00e4mtade honom fick jag reda p\u00e5 att allt g\u00e5tt lika bra som vanligt. Han hade \u00e4tit bra, sovit bra och alla barnen verkade ha anpassat sig alldeles perfekt till tidsf\u00f6rskjutningen. S\u00e5 vi gick hem och hade en mysig eftermiddag med mycket soffh\u00e4ng, bus och mys.<\/p>\n<p style=\"text-align: center;\"><img decoding=\"async\" class=\"aligncenter\" src=\"http:\/\/farm5.static.flickr.com\/4041\/4473498627_e344921bd7.jpg\" alt=\"L\u00e4sa lite efter dagis\" \/><br \/>\n<em>Sitter och &#8221;l\u00e4ser&#8221; lite i soffan efter en dag p\u00e5 dagis.<\/em><\/p>\n<p style=\"text-align: left;\">Nu p\u00e5 kv\u00e4llen har vi fixat med att s\u00e4ga upp telefoni, TV, bredband och elbolag. Och vi har fixat blankett till att s\u00e4ga upp Gustens f\u00f6rskoleplats och \u00e4ven plockat fram hyreskontraktet som vi ska skriva p\u00e5 och skicka in f\u00f6r upps\u00e4gning i morgon. Det b\u00f6rjar verkligen bli allvar med den h\u00e4r flytten nu och det \u00e4r ju faktiskt inte alls m\u00e5nga m\u00e5nader kvar. Och \u00e4nnu f\u00e4rre till vi blir fyra i familjen! \ud83d\ude00 Herregud. Vilken v\u00e4ndning livet kommer ta&#8230;<\/p>\n<p style=\"text-align: left;\">F\u00f6r att kunna rusta upp \u00e4nnu b\u00e4ttre inf\u00f6r just den kommande v\u00e4ndningen har vi bokat en resa till Amsterdam \u00f6ver p\u00e5sk! Gusten f\u00e5r fira p\u00e5sken i Sverige hemma hos underbara mormor och morfar medan vi sitter p\u00e5 en buss till Holland. Vi \u00e5ker tidigt p\u00e5 torsdagmorgonen och kommer hem igen p\u00e5 s\u00f6ndagkv\u00e4ll. S\u00e5 fyra dagar och tre n\u00e4tter utan lilla Gurkan. Det kommer k\u00e4nnas j\u00e4ttekonstigt, men vi \u00e4r b\u00e5da otroligt sugna p\u00e5 lite egentid, med sovmorgnar och hotellfrukostar och allt annat som en liten semester kan bjuda p\u00e5. Och vi har insett att om vi inte g\u00f6r n\u00e5got s\u00e5dant h\u00e4r nu s\u00e5 kommer det kanske dr\u00f6ja ett bra tag innan vi kan g\u00f6ra n\u00e5got liknande igen. Bara att resa med tv\u00e5 sm\u00e5 barn blir ju sv\u00e5rt, men \u00e4ven att skaffa barnvakt till tv\u00e5 barn kr\u00e4ver lite mera planering och kanske inte n\u00e5got vi kommer g\u00f6ra den f\u00f6rsta tiden med &#8221;tv\u00e5an&#8221;.<\/p>\n<p style=\"text-align: left;\">S\u00e5 vi best\u00e4mde oss och bokade en s\u00e5n bussresa f\u00f6rra veckan! Semester f\u00f6r oss i en stad vi inte k\u00e4nner till, och semester f\u00f6r Gusten fr\u00e5n sina kr\u00e4vande f\u00f6r\u00e4ldrar i n\u00e5gra dagar. \ud83d\ude09<\/p>\n<p style=\"text-align: left;\">Har vi n\u00e5gon bloggl\u00e4sare som varit i Amsterdam? Vi \u00e4r v\u00e4ldigt intresserade av personliga tips p\u00e5 sev\u00e4rdheter och smultronst\u00e4llen. Tack p\u00e5 f\u00f6rhand!<\/p>\n","protected":false},"excerpt":{"rendered":"<p>En frisk kille busar efter dagis. Gusten \u00e4r helt frisk igen och var tillbaka p\u00e5 f\u00f6rskolan idag. Han var glad \u00f6ver att f\u00e5 vara tillbaka till sina nyfunna kompisar igen, och jag var glad \u00f6ver att f\u00e5 vara tillbaka p\u00e5 jobbet (hemmakontoret). S\u00f6ndagen fick ju lite snurr p g a sommartiden och Gusten somnade sent &hellip; <a href=\"https:\/\/oskarochjosefin.se\/index.php\/2010\/03\/29\/frisk-flytt-och-amsterdam\/\" class=\"more-link\">Forts\u00e4tt l\u00e4sa <span class=\"screen-reader-text\">Frisk, flytt och Amsterdam<\/span> <span class=\"meta-nav\">&rarr;<\/span><\/a><\/p>\n","protected":false},"author":2,"featured_media":0,"comment_status":"open","ping_status":"open","sticky":false,"template":"","format":"standard","meta":{"footnotes":""},"categories":[3],"tags":[961,892,839,406,556,142,59,478,316],"class_list":["post-2365","post","type-post","status-publish","format-standard","hentry","category-oskar","tag-amsterdam","tag-dagis","tag-flytt","tag-foto","tag-frisk","tag-glad","tag-gotland","tag-jobba","tag-lasa"],"_links":{"self":[{"href":"https:\/\/oskarochjosefin.se\/index.php\/wp-json\/wp\/v2\/posts\/2365","targetHints":{"allow":["GET"]}}],"collection":[{"href":"https:\/\/oskarochjosefin.se\/index.php\/wp-json\/wp\/v2\/posts"}],"about":[{"href":"https:\/\/oskarochjosefin.se\/index.php\/wp-json\/wp\/v2\/types\/post"}],"author":[{"embeddable":true,"href":"https:\/\/oskarochjosefin.se\/index.php\/wp-json\/wp\/v2\/users\/2"}],"replies":[{"embeddable":true,"href":"https:\/\/oskarochjosefin.se\/index.php\/wp-json\/wp\/v2\/comments?post=2365"}],"version-history":[{"count":5,"href":"https:\/\/oskarochjosefin.se\/index.php\/wp-json\/wp\/v2\/posts\/2365\/revisions"}],"predecessor-version":[{"id":2370,"href":"https:\/\/oskarochjosefin.se\/index.php\/wp-json\/wp\/v2\/posts\/2365\/revisions\/2370"}],"wp:attachment":[{"href":"https:\/\/oskarochjosefin.se\/index.php\/wp-json\/wp\/v2\/media?parent=2365"}],"wp:term":[{"taxonomy":"category","embeddable":true,"href":"https:\/\/oskarochjosefin.se\/index.php\/wp-json\/wp\/v2\/categories?post=2365"},{"taxonomy":"post_tag","embeddable":true,"href":"https:\/\/oskarochjosefin.se\/index.php\/wp-json\/wp\/v2\/tags?post=2365"}],"curies":[{"name":"wp","href":"https:\/\/api.w.org\/{rel}","templated":true}]}}