{"id":2391,"date":"2010-04-06T20:32:01","date_gmt":"2010-04-06T19:32:01","guid":{"rendered":"http:\/\/oskarochjosefin.se\/?p=2391"},"modified":"2010-04-06T20:32:01","modified_gmt":"2010-04-06T19:32:01","slug":"oskar-josefin-i-amsterdam","status":"publish","type":"post","link":"https:\/\/oskarochjosefin.se\/index.php\/2010\/04\/06\/oskar-josefin-i-amsterdam\/","title":{"rendered":"Oskar &#038; Josefin i Amsterdam"},"content":{"rendered":"<p>Vi \u00e4r ju tillbaka fr\u00e5n semestern nu. Vi tog ett g\u00e4ng bilder och gjorde en hel del mysiga saker i den holl\u00e4ndska huvudstaden. Vi ska snart f\u00f6rs\u00f6ka f\u00e5 ihop ett inl\u00e4gg med vad vi gjorde under de tv\u00e5 heldagarna, och \u00e4ven ladda upp lite bilder fr\u00e5n systemkameran. Men just nu har vi inte hunnit skrapa ihop den extra tiden.<\/p>\n<p>Under tiden kan ni f\u00e5 njuta av lite &#8221;semesterbilder&#8221; som vi tog med iPhonen. Fotona \u00e4r mest p\u00e5 mat och p\u00e5 oss sj\u00e4lva, just eftersom det var under mat- och fikapauserna som systemkameran l\u00e5g nedpackad och mobilen kom fram ist\u00e4llet. S\u00e5 h\u00e4r kommer en liten f\u00f6rsmak av v\u00e5r semester i Amsterdam, n\u00e4stan helt utan bilder p\u00e5 sj\u00e4lva Amsterdam. \ud83d\ude42<br \/>\n<center><br \/>\n<object width=\"499\" height=\"303\"><param name=\"movie\" value=\"http:\/\/www.youtube.com\/v\/9p-YYEShdTc&#038;hl=sv_SE&#038;fs=1&#038;rel=0&#038;color1=0xe1600f&#038;color2=0xfebd01\"><\/param><param name=\"allowFullScreen\" value=\"true\"><\/param><param name=\"allowscriptaccess\" value=\"always\"><\/param><embed src=\"http:\/\/www.youtube.com\/v\/9p-YYEShdTc&#038;hl=sv_SE&#038;fs=1&#038;rel=0&#038;color1=0xe1600f&#038;color2=0xfebd01\" type=\"application\/x-shockwave-flash\" allowscriptaccess=\"always\" allowfullscreen=\"true\" width=\"499\" height=\"303\"><\/embed><\/object><\/center><\/p>\n","protected":false},"excerpt":{"rendered":"<p>Vi \u00e4r ju tillbaka fr\u00e5n semestern nu. Vi tog ett g\u00e4ng bilder och gjorde en hel del mysiga saker i den holl\u00e4ndska huvudstaden. Vi ska snart f\u00f6rs\u00f6ka f\u00e5 ihop ett inl\u00e4gg med vad vi gjorde under de tv\u00e5 heldagarna, och \u00e4ven ladda upp lite bilder fr\u00e5n systemkameran. Men just nu har vi inte hunnit skrapa &hellip; <a href=\"https:\/\/oskarochjosefin.se\/index.php\/2010\/04\/06\/oskar-josefin-i-amsterdam\/\" class=\"more-link\">Forts\u00e4tt l\u00e4sa <span class=\"screen-reader-text\">Oskar &#038; Josefin i Amsterdam<\/span> <span class=\"meta-nav\">&rarr;<\/span><\/a><\/p>\n","protected":false},"author":2,"featured_media":0,"comment_status":"open","ping_status":"open","sticky":false,"template":"","format":"standard","meta":{"footnotes":""},"categories":[4,3],"tags":[961,928,35,962,917,62,763],"class_list":["post-2391","post","type-post","status-publish","format-standard","hentry","category-josefin","category-oskar","tag-amsterdam","tag-animoto","tag-bilder","tag-buss","tag-iphone","tag-resa","tag-semester"],"_links":{"self":[{"href":"https:\/\/oskarochjosefin.se\/index.php\/wp-json\/wp\/v2\/posts\/2391","targetHints":{"allow":["GET"]}}],"collection":[{"href":"https:\/\/oskarochjosefin.se\/index.php\/wp-json\/wp\/v2\/posts"}],"about":[{"href":"https:\/\/oskarochjosefin.se\/index.php\/wp-json\/wp\/v2\/types\/post"}],"author":[{"embeddable":true,"href":"https:\/\/oskarochjosefin.se\/index.php\/wp-json\/wp\/v2\/users\/2"}],"replies":[{"embeddable":true,"href":"https:\/\/oskarochjosefin.se\/index.php\/wp-json\/wp\/v2\/comments?post=2391"}],"version-history":[{"count":1,"href":"https:\/\/oskarochjosefin.se\/index.php\/wp-json\/wp\/v2\/posts\/2391\/revisions"}],"predecessor-version":[{"id":2392,"href":"https:\/\/oskarochjosefin.se\/index.php\/wp-json\/wp\/v2\/posts\/2391\/revisions\/2392"}],"wp:attachment":[{"href":"https:\/\/oskarochjosefin.se\/index.php\/wp-json\/wp\/v2\/media?parent=2391"}],"wp:term":[{"taxonomy":"category","embeddable":true,"href":"https:\/\/oskarochjosefin.se\/index.php\/wp-json\/wp\/v2\/categories?post=2391"},{"taxonomy":"post_tag","embeddable":true,"href":"https:\/\/oskarochjosefin.se\/index.php\/wp-json\/wp\/v2\/tags?post=2391"}],"curies":[{"name":"wp","href":"https:\/\/api.w.org\/{rel}","templated":true}]}}