{"id":2468,"date":"2010-05-17T20:51:15","date_gmt":"2010-05-17T18:51:15","guid":{"rendered":"http:\/\/oskarochjosefin.se\/?p=2468"},"modified":"2010-05-19T23:51:35","modified_gmt":"2010-05-19T21:51:35","slug":"frank-gusten-myser","status":"publish","type":"post","link":"https:\/\/oskarochjosefin.se\/index.php\/2010\/05\/17\/frank-gusten-myser\/","title":{"rendered":"Frank &#038; Gusten myser"},"content":{"rendered":"<p>Vi var hemma hos Erika, Fredrik och Frank f\u00f6r fint eftermiddagsh\u00e4ng och middag ikv\u00e4ll. Efter den smarriga maten och efterr\u00e4tten satte Erika p\u00e5 Molly till de tv\u00e5 sm\u00e5killarna. S\u00e5 h\u00e4r mysigt blev det d\u00e5:<\/p>\n<p><a title=\"Gusten &amp; Frank\" href=\"http:\/\/farm5.static.flickr.com\/4031\/4616272558_eae2b81a05_b.jpg\" target=\"_blank\"><img decoding=\"async\" src=\"http:\/\/farm5.static.flickr.com\/4031\/4616272558_eae2b81a05.jpg\" alt=\"Frank &amp; Gusten tittar p\u00e5 Molly\" \/><\/a><\/p>\n<p><a title=\"Gusten &amp; Frank\" href=\"http:\/\/farm5.static.flickr.com\/4025\/4616276386_43545b6fc0_b.jpg\" target=\"_blank\"><img decoding=\"async\" src=\"http:\/\/farm5.static.flickr.com\/4025\/4616276386_43545b6fc0.jpg\" alt=\"Frank &amp; Gusten tittar p\u00e5 Molly\" \/><\/a><\/p>\n<p><a title=\"Gusten &amp; Frank\" href=\"http:\/\/farm5.static.flickr.com\/4047\/4615666653_86f5174a45_b.jpg\" target=\"_blank\"><img decoding=\"async\" src=\"http:\/\/farm5.static.flickr.com\/4047\/4615666653_86f5174a45.jpg\" alt=\"Frank &amp; Gusten tittar p\u00e5 Molly\" \/><\/a><\/p>\n<p><a title=\"Gusten &amp; Frank\" href=\"http:\/\/farm4.static.flickr.com\/3409\/4616285676_33ed1ae8e8_b.jpg\" target=\"_blank\"><img decoding=\"async\" src=\"http:\/\/farm4.static.flickr.com\/3409\/4616285676_33ed1ae8e8.jpg\" alt=\"Frank &amp; Gusten tittar p\u00e5 Molly\" \/><\/a><\/p>\n<p><a title=\"Gusten &amp; Frank\" href=\"http:\/\/farm5.static.flickr.com\/4032\/4616289948_d030003e58_b.jpg\" target=\"_blank\"><img decoding=\"async\" src=\"http:\/\/farm5.static.flickr.com\/4032\/4616289948_d030003e58.jpg\" alt=\"Frank &amp; Gusten tittar p\u00e5 Molly\" \/><\/a><\/p>\n<p><a title=\"Gusten &amp; Frank\" href=\"http:\/\/farm5.static.flickr.com\/4025\/4615680847_0398843116_b.jpg\" target=\"_blank\"><img decoding=\"async\" src=\"http:\/\/farm5.static.flickr.com\/4025\/4615680847_0398843116.jpg\" alt=\"Frank &amp; Gusten tittar p\u00e5 Molly\" \/><\/a><\/p>\n","protected":false},"excerpt":{"rendered":"<p>Vi var hemma hos Erika, Fredrik och Frank f\u00f6r fint eftermiddagsh\u00e4ng och middag ikv\u00e4ll. Efter den smarriga maten och efterr\u00e4tten satte Erika p\u00e5 Molly till de tv\u00e5 sm\u00e5killarna. S\u00e5 h\u00e4r mysigt blev det d\u00e5:<\/p>\n","protected":false},"author":2,"featured_media":0,"comment_status":"open","ping_status":"open","sticky":false,"template":"","format":"standard","meta":{"footnotes":""},"categories":[4,3],"tags":[992,406,730,160,5,249,991,98],"class_list":["post-2468","post","type-post","status-publish","format-standard","hentry","category-josefin","category-oskar","tag-erika","tag-foto","tag-frank","tag-fredrik","tag-gusten","tag-kram","tag-molly","tag-mys"],"_links":{"self":[{"href":"https:\/\/oskarochjosefin.se\/index.php\/wp-json\/wp\/v2\/posts\/2468","targetHints":{"allow":["GET"]}}],"collection":[{"href":"https:\/\/oskarochjosefin.se\/index.php\/wp-json\/wp\/v2\/posts"}],"about":[{"href":"https:\/\/oskarochjosefin.se\/index.php\/wp-json\/wp\/v2\/types\/post"}],"author":[{"embeddable":true,"href":"https:\/\/oskarochjosefin.se\/index.php\/wp-json\/wp\/v2\/users\/2"}],"replies":[{"embeddable":true,"href":"https:\/\/oskarochjosefin.se\/index.php\/wp-json\/wp\/v2\/comments?post=2468"}],"version-history":[{"count":2,"href":"https:\/\/oskarochjosefin.se\/index.php\/wp-json\/wp\/v2\/posts\/2468\/revisions"}],"predecessor-version":[{"id":2473,"href":"https:\/\/oskarochjosefin.se\/index.php\/wp-json\/wp\/v2\/posts\/2468\/revisions\/2473"}],"wp:attachment":[{"href":"https:\/\/oskarochjosefin.se\/index.php\/wp-json\/wp\/v2\/media?parent=2468"}],"wp:term":[{"taxonomy":"category","embeddable":true,"href":"https:\/\/oskarochjosefin.se\/index.php\/wp-json\/wp\/v2\/categories?post=2468"},{"taxonomy":"post_tag","embeddable":true,"href":"https:\/\/oskarochjosefin.se\/index.php\/wp-json\/wp\/v2\/tags?post=2468"}],"curies":[{"name":"wp","href":"https:\/\/api.w.org\/{rel}","templated":true}]}}