{"id":2495,"date":"2010-05-27T22:34:59","date_gmt":"2010-05-27T20:34:59","guid":{"rendered":"http:\/\/oskarochjosefin.se\/?p=2495"},"modified":"2010-05-29T00:05:47","modified_gmt":"2010-05-28T22:05:47","slug":"uppvarmningsbebis","status":"publish","type":"post","link":"https:\/\/oskarochjosefin.se\/index.php\/2010\/05\/27\/uppvarmningsbebis\/","title":{"rendered":"Uppv\u00e4rmningsbebis"},"content":{"rendered":"<p>Idag medan Gusten var p\u00e5 dagis och efter att jag hade jobbat klart gick vi en liten runda p\u00e5 stan. Vi hamnade p\u00e5 den stora leksaksaff\u00e4ren i n\u00e4rheten och f\u00f6rutom att plocka upp det n\u00f6dv\u00e4ndiga kikade vi lite p\u00e5 en ny docka till Gusten. Vi kom tillslut d\u00e4rifr\u00e5n med en &#8221;Olivia&#8221; som vi tyckte k\u00e4ndes lagom stor och inte alltf\u00f6r l\u00e4skigt likt en riktig bebis (ja, ni fattar).<\/p>\n<p>Hemma packade vi upp den och satte den i soffan s\u00e5 att hon v\u00e4ntade p\u00e5 Gusten n\u00e4r han kom hem.<\/p>\n<p style=\"text-align: center;\"><img decoding=\"async\" class=\"aligncenter\" src=\"http:\/\/farm4.static.flickr.com\/3411\/4644345727_8ec3bc2a2b.jpg\" alt=\"Gustens nya bebis\" \/><\/p>\n<p style=\"text-align: center;\"><em>Hej bebis!<\/em><\/p>\n<p>Innan ni hinner fundera alltf\u00f6r mycket kan vi ber\u00e4tta att vi <em>inte <\/em>k\u00f6pte en rosa docka f\u00f6r att Gusten ska f\u00e5 en lillasyster, utan snarare f\u00f6r att det k\u00e4ndes mer r\u00e4tt med en liten rosa docka till Gusten \u00e4n en mer f\u00f6ruts\u00e4gbart ljusbl\u00e5. Av tv\u00e5 onda ting (f\u00e4rger), s\u00e5 att s\u00e4ga. Han har dessutom redan en &#8221;Erik&#8221;-bebis som han \u00e4rvt av Josefin.<\/p>\n<p>Bebisen gjorde i alla fall succ\u00e9 direkt och han pussade och kramade p\u00e5 den.<\/p>\n<p style=\"text-align: center;\"><img decoding=\"async\" class=\"aligncenter\" src=\"http:\/\/farm4.static.flickr.com\/3410\/4644963030_9a26f2111b.jpg\" alt=\"Puss bebis!\" \/><\/p>\n<p style=\"text-align: center;\"><em>Puss bebis!<\/em><\/p>\n<p style=\"text-align: left;\">Resten av kv\u00e4llen har bebisen (som inte f\u00e5tt n\u00e5got namn \u00e4n, v\u00e4\u00e4ldigt talande f\u00f6r hur det \u00e4r h\u00e4r hemma just nu \ud83d\ude09 ) h\u00e4ngt med och vi utnyttjar den till fullo som pedagogiskt verktyg s\u00e5 fort vi f\u00e5r chansen. &#8221;Nej, bebisen vill inte ligga med ansiktet ned\u00e5t&#8221;, &#8221;Trampa inte p\u00e5 bebisen&#8221;, &#8221;Klappa f\u00f6rsiktigt p\u00e5 huvudet&#8221; osv. Allts\u00e5 inte <em>bara <\/em>f\u00f6rmaningar s\u00e5 klart, men f\u00f6r det mesta handskas han fint med den och d\u00e5 beh\u00f6ver vi inte s\u00e4ga n\u00e5got. Men vi anv\u00e4nder ocks\u00e5 lite liknande terminologi som vi kommer att g\u00f6ra sen n\u00e4r lillasyster kommer. Att det <em>flyttat in<\/em> en till nu som ska <em>bo h\u00e4r<\/em> och som man m\u00e5ste <em>vara f\u00f6rsiktig<\/em> med och som sover, \u00e4ter och g\u00e5r p\u00e5 pottan (eeh ja) och s\u00e5 vidare. N\u00e5gonstans tror jag ocks\u00e5 att det hj\u00e4lper oss lika mycket som det hj\u00e4lper Gusten. \ud83d\ude09<\/p>\n<p><object width=\"499\" height=\"394\"><param name=\"movie\" value=\"http:\/\/www.youtube.com\/v\/uAku_GF_fdI&#038;hl=sv_SE&#038;fs=1&#038;rel=0&#038;color1=0x3a3a3a&#038;color2=0x999999\"><\/param><param name=\"allowFullScreen\" value=\"true\"><\/param><param name=\"allowscriptaccess\" value=\"always\"><\/param><embed src=\"http:\/\/www.youtube.com\/v\/uAku_GF_fdI&#038;hl=sv_SE&#038;fs=1&#038;rel=0&#038;color1=0x3a3a3a&#038;color2=0x999999\" type=\"application\/x-shockwave-flash\" allowscriptaccess=\"always\" allowfullscreen=\"true\" width=\"499\" height=\"394\"><\/embed><\/object><\/p>\n<p>Annars kan vi ocks\u00e5 ber\u00e4tta att vi hittat sm\u00e5, fina russinpaket fr\u00e5n Semper. Deras nya ekologiska serie &#8221;Sm\u00e5folk&#8221;. Kanske inget j\u00e4ttesp\u00e4nnande att ber\u00e4tta men n\u00e5got som verkligen underl\u00e4ttar n\u00e4r han tigger russin. Nu f\u00e5r han ett s\u00e5nt minipaket och s\u00e5 kan han sitta och pilla med det ett tag. Det kommer troligen r\u00e4dda m\u00e5nga stunder under sommarens kommande picknickar. Hoppas vi.<\/p>\n<p style=\"text-align: center;\"><img decoding=\"async\" class=\"aligncenter\" src=\"http:\/\/farm5.static.flickr.com\/4037\/4644348145_37e4b1c6a6.jpg\" alt=\"Russin i soffan\" \/><\/p>\n<p style=\"text-align: center;\"><em>Russin \u00e4r gott. Ser ni Gusten bakom magen? \ud83d\ude09<\/em><\/p>\n<p style=\"text-align: center;\"><img decoding=\"async\" class=\"aligncenter\" src=\"http:\/\/farm4.static.flickr.com\/3377\/4644965660_c5b5326ffd.jpg\" alt=\"Russin i soffan\" \/><\/p>\n<p style=\"text-align: center;\"><em>Russinhand.<\/em><\/p>\n<p style=\"text-align: center;\"><img decoding=\"async\" src=\"http:\/\/farm5.static.flickr.com\/4009\/4644967238_22fd924e6a.jpg\" alt=\"Russin i soffan\" \/><\/p>\n<p style=\"text-align: center;\"><em>Reklam.<\/em><\/p>\n<p style=\"text-align: left;\">Och s\u00e5 lite mer magmys i soffan. Gusten f\u00f6rs\u00f6ker pilla in mammas ut\u00e5tnavel igen, och ber\u00e4ttar vad som g\u00f6ms d\u00e4r inne:<\/p>\n<p style=\"text-align: left;\">\n<p><object width=\"499\" height=\"394\"><param name=\"movie\" value=\"http:\/\/www.youtube.com\/v\/EvIZXCRE9Pg&#038;hl=sv_SE&#038;fs=1&#038;rel=0&#038;color1=0x3a3a3a&#038;color2=0x999999\"><\/param><param name=\"allowFullScreen\" value=\"true\"><\/param><param name=\"allowscriptaccess\" value=\"always\"><\/param><embed src=\"http:\/\/www.youtube.com\/v\/EvIZXCRE9Pg&#038;hl=sv_SE&#038;fs=1&#038;rel=0&#038;color1=0x3a3a3a&#038;color2=0x999999\" type=\"application\/x-shockwave-flash\" allowscriptaccess=\"always\" allowfullscreen=\"true\" width=\"499\" height=\"394\"><\/embed><\/object><\/p>\n","protected":false},"excerpt":{"rendered":"<p>Idag medan Gusten var p\u00e5 dagis och efter att jag hade jobbat klart gick vi en liten runda p\u00e5 stan. Vi hamnade p\u00e5 den stora leksaksaff\u00e4ren i n\u00e4rheten och f\u00f6rutom att plocka upp det n\u00f6dv\u00e4ndiga kikade vi lite p\u00e5 en ny docka till Gusten. Vi kom tillslut d\u00e4rifr\u00e5n med en &#8221;Olivia&#8221; som vi tyckte k\u00e4ndes &hellip; <a href=\"https:\/\/oskarochjosefin.se\/index.php\/2010\/05\/27\/uppvarmningsbebis\/\" class=\"more-link\">Forts\u00e4tt l\u00e4sa <span class=\"screen-reader-text\">Uppv\u00e4rmningsbebis<\/span> <span class=\"meta-nav\">&rarr;<\/span><\/a><\/p>\n","protected":false},"author":2,"featured_media":0,"comment_status":"open","ping_status":"open","sticky":false,"template":"","format":"standard","meta":{"footnotes":""},"categories":[3],"tags":[405,999,10,1001,668,1000],"class_list":["post-2495","post","type-post","status-publish","format-standard","hentry","category-oskar","tag-bebis","tag-docka","tag-gustenfilm","tag-navel","tag-puss","tag-russin"],"_links":{"self":[{"href":"https:\/\/oskarochjosefin.se\/index.php\/wp-json\/wp\/v2\/posts\/2495","targetHints":{"allow":["GET"]}}],"collection":[{"href":"https:\/\/oskarochjosefin.se\/index.php\/wp-json\/wp\/v2\/posts"}],"about":[{"href":"https:\/\/oskarochjosefin.se\/index.php\/wp-json\/wp\/v2\/types\/post"}],"author":[{"embeddable":true,"href":"https:\/\/oskarochjosefin.se\/index.php\/wp-json\/wp\/v2\/users\/2"}],"replies":[{"embeddable":true,"href":"https:\/\/oskarochjosefin.se\/index.php\/wp-json\/wp\/v2\/comments?post=2495"}],"version-history":[{"count":8,"href":"https:\/\/oskarochjosefin.se\/index.php\/wp-json\/wp\/v2\/posts\/2495\/revisions"}],"predecessor-version":[{"id":2498,"href":"https:\/\/oskarochjosefin.se\/index.php\/wp-json\/wp\/v2\/posts\/2495\/revisions\/2498"}],"wp:attachment":[{"href":"https:\/\/oskarochjosefin.se\/index.php\/wp-json\/wp\/v2\/media?parent=2495"}],"wp:term":[{"taxonomy":"category","embeddable":true,"href":"https:\/\/oskarochjosefin.se\/index.php\/wp-json\/wp\/v2\/categories?post=2495"},{"taxonomy":"post_tag","embeddable":true,"href":"https:\/\/oskarochjosefin.se\/index.php\/wp-json\/wp\/v2\/tags?post=2495"}],"curies":[{"name":"wp","href":"https:\/\/api.w.org\/{rel}","templated":true}]}}