{"id":2508,"date":"2010-05-29T15:04:36","date_gmt":"2010-05-29T13:04:36","guid":{"rendered":"http:\/\/oskarochjosefin.se\/index.php\/2010\/05\/29\/och-sa-lite-moussetarta-pa-det\/"},"modified":"2010-05-29T15:13:33","modified_gmt":"2010-05-29T13:13:33","slug":"och-sa-lite-moussetarta-pa-det","status":"publish","type":"post","link":"https:\/\/oskarochjosefin.se\/index.php\/2010\/05\/29\/och-sa-lite-moussetarta-pa-det\/","title":{"rendered":"Och s\u00e5 lite mousset\u00e5rta p\u00e5 det&#8230;"},"content":{"rendered":"<p style=\"text-align: left;\">Josefin var och sommarfriserade sig i morse och jag passade p\u00e5 att tr\u00e4ffa Frank och Fredrik i stadsparken. Nu \u00e4r vi hemma hos Josefins f\u00f6r\u00e4ldrar och \u00e4ter gott och njuter i solskenet.<\/p>\n<p><a title=\"Och s\u00e5 lite mousset\u00e5rta p\u00e5 det...\" href=\"http:\/\/www.flickr.com\/photos\/oskarochjosefin\/4649984696\/\"><img decoding=\"async\" src=\"http:\/\/farm5.static.flickr.com\/4036\/4649984696_b0b13f0f59.jpg\" alt=\"Och s\u00e5 lite mousset\u00e5rta p\u00e5 det...\" \/><\/a><\/p>\n<p><img decoding=\"async\" src=\"http:\/\/farm5.static.flickr.com\/4061\/4649984850_5392d6967e.jpg\" alt=\"Och s\u00e5 lite mousset\u00e5rta p\u00e5 det...\" \/><img decoding=\"async\" src=\"http:\/\/farm5.static.flickr.com\/4059\/4649366329_da348f587d.jpg\" alt=\"Och s\u00e5 lite mousset\u00e5rta p\u00e5 det...\" \/><img decoding=\"async\" src=\"http:\/\/farm5.static.flickr.com\/4008\/4649985164_3b1101b974.jpg\" alt=\"Och s\u00e5 lite mousset\u00e5rta p\u00e5 det...\" \/><img decoding=\"async\" src=\"http:\/\/farm5.static.flickr.com\/4048\/4649985280_deffb0b431.jpg\" alt=\"Och s\u00e5 lite mousset\u00e5rta p\u00e5 det...\" \/><\/p>\n<div style=\"text-align: right;\">\n<p><small>Postat direkt fr\u00e5n mobil via <a href=\"http:\/\/www.flickr.com\/photos\/oskarochjosefin\/\">flickr<\/a>.<\/small><\/p>\n<\/div>\n","protected":false},"excerpt":{"rendered":"<p>Josefin var och sommarfriserade sig i morse och jag passade p\u00e5 att tr\u00e4ffa Frank och Fredrik i stadsparken. Nu \u00e4r vi hemma hos Josefins f\u00f6r\u00e4ldrar och \u00e4ter gott och njuter i solskenet. Postat direkt fr\u00e5n mobil via flickr.<\/p>\n","protected":false},"author":2,"featured_media":0,"comment_status":"open","ping_status":"open","sticky":false,"template":"","format":"standard","meta":{"footnotes":""},"categories":[3],"tags":[],"class_list":["post-2508","post","type-post","status-publish","format-standard","hentry","category-oskar"],"_links":{"self":[{"href":"https:\/\/oskarochjosefin.se\/index.php\/wp-json\/wp\/v2\/posts\/2508","targetHints":{"allow":["GET"]}}],"collection":[{"href":"https:\/\/oskarochjosefin.se\/index.php\/wp-json\/wp\/v2\/posts"}],"about":[{"href":"https:\/\/oskarochjosefin.se\/index.php\/wp-json\/wp\/v2\/types\/post"}],"author":[{"embeddable":true,"href":"https:\/\/oskarochjosefin.se\/index.php\/wp-json\/wp\/v2\/users\/2"}],"replies":[{"embeddable":true,"href":"https:\/\/oskarochjosefin.se\/index.php\/wp-json\/wp\/v2\/comments?post=2508"}],"version-history":[{"count":2,"href":"https:\/\/oskarochjosefin.se\/index.php\/wp-json\/wp\/v2\/posts\/2508\/revisions"}],"predecessor-version":[{"id":2513,"href":"https:\/\/oskarochjosefin.se\/index.php\/wp-json\/wp\/v2\/posts\/2508\/revisions\/2513"}],"wp:attachment":[{"href":"https:\/\/oskarochjosefin.se\/index.php\/wp-json\/wp\/v2\/media?parent=2508"}],"wp:term":[{"taxonomy":"category","embeddable":true,"href":"https:\/\/oskarochjosefin.se\/index.php\/wp-json\/wp\/v2\/categories?post=2508"},{"taxonomy":"post_tag","embeddable":true,"href":"https:\/\/oskarochjosefin.se\/index.php\/wp-json\/wp\/v2\/tags?post=2508"}],"curies":[{"name":"wp","href":"https:\/\/api.w.org\/{rel}","templated":true}]}}