{"id":2577,"date":"2010-06-10T23:00:33","date_gmt":"2010-06-10T21:00:33","guid":{"rendered":"http:\/\/oskarochjosefin.se\/?p=2577"},"modified":"2010-06-11T00:12:46","modified_gmt":"2010-06-10T22:12:46","slug":"julie-en-vecka-gammal","status":"publish","type":"post","link":"https:\/\/oskarochjosefin.se\/index.php\/2010\/06\/10\/julie-en-vecka-gammal\/","title":{"rendered":"Julie &#8211; en vecka gammal"},"content":{"rendered":"<p>Idag blev Julie en vecka gammal. Hon har b\u00f6rjat vara mer och mer vaken &#8211; samt har b\u00f6rjat bajsa \ud83d\ude42<\/p>\n<p>Hon har varit en v\u00e4ldigt sn\u00e4ll bebis \u00e4n s\u00e5 l\u00e4nge, som sovit sina l\u00e4ngsta &#8221;pass&#8221; p\u00e5 n\u00e4tterna och ammar p\u00e5 fint (\u00e4ven om det s\u00e5klart g\u00f6r ont p\u00e5 mamman nu i b\u00f6rjan).<\/p>\n<p>Idag firade vi henne lite genom att l\u00e5ta henne bada f\u00f6r f\u00f6rsta g\u00e5ngen. F\u00f6rst var det lite sm\u00e5skrik men sen b\u00f6rjade hon njuta! Var s\u00e5 kul att se!<\/p>\n<p style=\"text-align: center;\"><img decoding=\"async\" class=\"aligncenter\" src=\"http:\/\/farm5.static.flickr.com\/4032\/4688648563_cce0f8115d.jpg\" alt=\"Mamma badar\" \/><\/p>\n<p style=\"text-align: center;\"><img decoding=\"async\" class=\"aligncenter\" src=\"http:\/\/farm5.static.flickr.com\/4023\/4689287780_ba48a057c0.jpg\" alt=\"Julie badar\" \/><\/p>\n<p style=\"text-align: center;\"><img decoding=\"async\" class=\"aligncenter\" src=\"http:\/\/farm2.static.flickr.com\/1290\/4688652371_e594034c94.jpg\" alt=\"Julie badar\" \/><\/p>\n<p style=\"text-align: center;\"><img decoding=\"async\" class=\"aligncenter\" src=\"http:\/\/farm5.static.flickr.com\/4046\/4688657663_ea5fda1ffb.jpg\" alt=\"Julie badar\" \/><\/p>\n<p style=\"text-align: center;\"><img decoding=\"async\" class=\"aligncenter\" src=\"http:\/\/farm5.static.flickr.com\/4037\/4688660737_21028a15b7.jpg\" alt=\"Julie badar\" \/><\/p>\n<p style=\"text-align: center;\"><img decoding=\"async\" class=\"aligncenter\" src=\"http:\/\/farm5.static.flickr.com\/4060\/4689298990_5ca0f49225.jpg\" alt=\"Efter badet\" \/><\/p>\n<p style=\"text-align: center;\"><img decoding=\"async\" class=\"aligncenter\" src=\"http:\/\/farm5.static.flickr.com\/4053\/4689296106_e3b2a1d2c1.jpg\" alt=\"Efter badet\" \/><\/p>\n","protected":false},"excerpt":{"rendered":"<p>Idag blev Julie en vecka gammal. Hon har b\u00f6rjat vara mer och mer vaken &#8211; samt har b\u00f6rjat bajsa \ud83d\ude42 Hon har varit en v\u00e4ldigt sn\u00e4ll bebis \u00e4n s\u00e5 l\u00e4nge, som sovit sina l\u00e4ngsta &#8221;pass&#8221; p\u00e5 n\u00e4tterna och ammar p\u00e5 fint (\u00e4ven om det s\u00e5klart g\u00f6r ont p\u00e5 mamman nu i b\u00f6rjan). Idag firade vi &hellip; <a href=\"https:\/\/oskarochjosefin.se\/index.php\/2010\/06\/10\/julie-en-vecka-gammal\/\" class=\"more-link\">Forts\u00e4tt l\u00e4sa <span class=\"screen-reader-text\">Julie &#8211; en vecka gammal<\/span> <span class=\"meta-nav\">&rarr;<\/span><\/a><\/p>\n","protected":false},"author":3,"featured_media":0,"comment_status":"open","ping_status":"open","sticky":false,"template":"","format":"standard","meta":{"footnotes":""},"categories":[4,3],"tags":[1026,51,1025,1024,1013],"class_list":["post-2577","post","type-post","status-publish","format-standard","hentry","category-josefin","category-oskar","tag-7-dagar","tag-bad","tag-en-vecka","tag-forsta-badet","tag-julie"],"_links":{"self":[{"href":"https:\/\/oskarochjosefin.se\/index.php\/wp-json\/wp\/v2\/posts\/2577","targetHints":{"allow":["GET"]}}],"collection":[{"href":"https:\/\/oskarochjosefin.se\/index.php\/wp-json\/wp\/v2\/posts"}],"about":[{"href":"https:\/\/oskarochjosefin.se\/index.php\/wp-json\/wp\/v2\/types\/post"}],"author":[{"embeddable":true,"href":"https:\/\/oskarochjosefin.se\/index.php\/wp-json\/wp\/v2\/users\/3"}],"replies":[{"embeddable":true,"href":"https:\/\/oskarochjosefin.se\/index.php\/wp-json\/wp\/v2\/comments?post=2577"}],"version-history":[{"count":4,"href":"https:\/\/oskarochjosefin.se\/index.php\/wp-json\/wp\/v2\/posts\/2577\/revisions"}],"predecessor-version":[{"id":2584,"href":"https:\/\/oskarochjosefin.se\/index.php\/wp-json\/wp\/v2\/posts\/2577\/revisions\/2584"}],"wp:attachment":[{"href":"https:\/\/oskarochjosefin.se\/index.php\/wp-json\/wp\/v2\/media?parent=2577"}],"wp:term":[{"taxonomy":"category","embeddable":true,"href":"https:\/\/oskarochjosefin.se\/index.php\/wp-json\/wp\/v2\/categories?post=2577"},{"taxonomy":"post_tag","embeddable":true,"href":"https:\/\/oskarochjosefin.se\/index.php\/wp-json\/wp\/v2\/tags?post=2577"}],"curies":[{"name":"wp","href":"https:\/\/api.w.org\/{rel}","templated":true}]}}