{"id":2595,"date":"2010-06-13T12:30:24","date_gmt":"2010-06-13T10:30:24","guid":{"rendered":"http:\/\/oskarochjosefin.se\/?p=2595"},"modified":"2010-06-13T12:30:24","modified_gmt":"2010-06-13T10:30:24","slug":"fasting-feber-forkylning-och-fredrik","status":"publish","type":"post","link":"https:\/\/oskarochjosefin.se\/index.php\/2010\/06\/13\/fasting-feber-forkylning-och-fredrik\/","title":{"rendered":"F\u00e4sting, feber, f\u00f6rkylning och Fredrik"},"content":{"rendered":"<p>Massa F i v\u00e5rt liv just nu. Bara ett trevligt s\u00e5dant dock. Och det \u00e4r ju s\u00e5klart att Fredrik &#8211; Oskars bror \u00e4r h\u00e4r och h\u00e4lsar p\u00e5 lite snabbt. Han kom i f\u00f6rmiddags och \u00e5ker nu p\u00e5 eftermiddagen. Men lite kvalitetstid med Gusten och Julie hinner han med!<\/p>\n<p>De andra F:en \u00e4r desto tr\u00e5kigare. Ig\u00e5r uppt\u00e4ckte vi en f\u00e4sting p\u00e5 Julies \u00f6ra. Jag blev superledsen, jag har ju aldrig ens haft en f\u00e4sting sj\u00e4lv. Oskar har haft massor, men s\u00e5 har han ju vuxit p\u00e5 upp landet och jag i stan. Vi fick bort den, ringde sjukv\u00e5rdsupplysningen och allt vi kan g\u00f6ra nu \u00e4r att v\u00e4nta och se ifall det blir n\u00e5gra borreliaringar eller s\u00e5. K\u00e4nns riktigt jobbigt och jag har s\u00e4llan k\u00e4nt mig s\u00e5 maktl\u00f6s och jag kunde gjort vad som helst f\u00f6r att den d\u00e4r j\u00e4kla f\u00e4stingen skulle bitit mig ist\u00e4llet. Eller Oskar f\u00f6r den delen \ud83d\ude09 Men maktl\u00f6s var verkligen ordet, att inte kunna skydda en s\u00e5 liten f\u00f6rsvarsl\u00f6s varelse som Julie \u00e4r fr\u00e5n n\u00e5got som man faktiskt kan bli riktigt sjuk av k\u00e4nns fruktansv\u00e4rt jobbigt. Och jo, hon har b\u00f6rjat sm\u00e5snora ocks\u00e5&#8230;annorlunda med bebis nummer 2 &#8211; Gustens f\u00f6rsta f\u00f6rkylning kom vid 9 m\u00e5nader typ.<\/p>\n<p>Anledningen till att Julie \u00e4r lite snorig \u00e4r ju att Gusten storsnorar. Och som vid de flesta ordentliga f\u00f6rkylningar s\u00e5 har han f\u00e5tt feber ocks\u00e5 + lite hosta p\u00e5 det.<\/p>\n<p>Det var en jobbig natt i natt pga allt. Julie \u00e5t ungef\u00e4r varannan timme och Gusten vaknade mitt i natten, Oskar f\u00f6rs\u00f6kte med att ligga p\u00e5 madrass i hans rum, men Gusten var alltf\u00f6r intresserad av vad mamma och Julie var f\u00f6r att kunna slappna av. S\u00e5 de gick in till sovrummet. Men Gusten \u00e4r s\u00e5 intresserad av Julie att varje liten grymtning g\u00f6r att han s\u00e4tter sig upp klarvaken. S\u00e5 det slutade med att jag och Julie gick in och sov p\u00e5 madrassen i Gustens rum. D\u00e5 fick vi 2,5 timmar i str\u00e4ck! L\u00e4ngsta p\u00e5 hela natten.<\/p>\n","protected":false},"excerpt":{"rendered":"<p>Massa F i v\u00e5rt liv just nu. Bara ett trevligt s\u00e5dant dock. Och det \u00e4r ju s\u00e5klart att Fredrik &#8211; Oskars bror \u00e4r h\u00e4r och h\u00e4lsar p\u00e5 lite snabbt. Han kom i f\u00f6rmiddags och \u00e5ker nu p\u00e5 eftermiddagen. Men lite kvalitetstid med Gusten och Julie hinner han med! De andra F:en \u00e4r desto tr\u00e5kigare. Ig\u00e5r &hellip; <a href=\"https:\/\/oskarochjosefin.se\/index.php\/2010\/06\/13\/fasting-feber-forkylning-och-fredrik\/\" class=\"more-link\">Forts\u00e4tt l\u00e4sa <span class=\"screen-reader-text\">F\u00e4sting, feber, f\u00f6rkylning och Fredrik<\/span> <span class=\"meta-nav\">&rarr;<\/span><\/a><\/p>\n","protected":false},"author":3,"featured_media":0,"comment_status":"open","ping_status":"open","sticky":false,"template":"","format":"standard","meta":{"footnotes":""},"categories":[4],"tags":[1031,525,5,1032,1013,526,255,520,1033,883],"class_list":["post-2595","post","type-post","status-publish","format-standard","hentry","category-josefin","tag-fasting","tag-feber","tag-gusten","tag-jobbigt","tag-julie","tag-ledsen","tag-natt","tag-sjuk","tag-sovande","tag-syskon"],"_links":{"self":[{"href":"https:\/\/oskarochjosefin.se\/index.php\/wp-json\/wp\/v2\/posts\/2595","targetHints":{"allow":["GET"]}}],"collection":[{"href":"https:\/\/oskarochjosefin.se\/index.php\/wp-json\/wp\/v2\/posts"}],"about":[{"href":"https:\/\/oskarochjosefin.se\/index.php\/wp-json\/wp\/v2\/types\/post"}],"author":[{"embeddable":true,"href":"https:\/\/oskarochjosefin.se\/index.php\/wp-json\/wp\/v2\/users\/3"}],"replies":[{"embeddable":true,"href":"https:\/\/oskarochjosefin.se\/index.php\/wp-json\/wp\/v2\/comments?post=2595"}],"version-history":[{"count":2,"href":"https:\/\/oskarochjosefin.se\/index.php\/wp-json\/wp\/v2\/posts\/2595\/revisions"}],"predecessor-version":[{"id":2597,"href":"https:\/\/oskarochjosefin.se\/index.php\/wp-json\/wp\/v2\/posts\/2595\/revisions\/2597"}],"wp:attachment":[{"href":"https:\/\/oskarochjosefin.se\/index.php\/wp-json\/wp\/v2\/media?parent=2595"}],"wp:term":[{"taxonomy":"category","embeddable":true,"href":"https:\/\/oskarochjosefin.se\/index.php\/wp-json\/wp\/v2\/categories?post=2595"},{"taxonomy":"post_tag","embeddable":true,"href":"https:\/\/oskarochjosefin.se\/index.php\/wp-json\/wp\/v2\/tags?post=2595"}],"curies":[{"name":"wp","href":"https:\/\/api.w.org\/{rel}","templated":true}]}}