{"id":2616,"date":"2010-06-29T13:07:18","date_gmt":"2010-06-29T11:07:18","guid":{"rendered":"http:\/\/oskarochjosefin.se\/?p=2616"},"modified":"2010-06-29T13:07:18","modified_gmt":"2010-06-29T11:07:18","slug":"hejda-dagis","status":"publish","type":"post","link":"https:\/\/oskarochjosefin.se\/index.php\/2010\/06\/29\/hejda-dagis\/","title":{"rendered":"Hejd\u00e5 dagis!"},"content":{"rendered":"<p>Det h\u00e4nder s\u00e5 mycket runt alla, och f\u00f6r v\u00e5r lille son s\u00e5 h\u00e4nder det nog f\u00f6r mycket. \u00c4ven idag s\u00e5 var han j\u00e4tteledsen n\u00e4r vi l\u00e4mnade honom och efter 50 minuter s\u00e5 ringde de och sa att han fortfarande var ledsen och ropade efter mamma. Och sen sa de att det nog var bra om han inte gick sin sista dag imorgon utan idag. Och man har inte s\u00e5 mycket att s\u00e4ga emot s\u00e5nt. Man vill ju inte att han ska vara p\u00e5 dagis och vara olycklig och gr\u00e5ta. usch! S\u00e5 det var bara att ringa morfar och fr\u00e5ga om bilen, samt om lite hj\u00e4lp. Just nu k\u00e4nner jag mig j\u00e4ttef\u00f6rkyld (hostar, nyser och har ont i halsen) och n\u00e4tterna \u00e4r ju sis\u00e5d\u00e4r bra d\u00e5 det \u00e4r en hel del amning &#8211; \u00e4r kanske inte den mesta alerta mamman s\u00e5 att s\u00e4ga! \ud83d\ude42<\/p>\n<p>Vi fick med oss tre teckningar som Gusten gjort i alla fall och en cd-skiva med lite bilder fr\u00e5n dagis. H\u00e4r \u00e4r n\u00e5gra bilder fr\u00e5n Gustens dagis som han gick p\u00e5 mellan 2010-02-01 och 2010-06-29.<\/p>\n<p style=\"text-align: center;\"><em><img decoding=\"async\" src=\"http:\/\/farm5.static.flickr.com\/4102\/4744931879_1506d3cf1c.jpg\" alt=\"samling i feb\/mars\" \/><\/em><\/p>\n<p style=\"text-align: center;\"><em>Samling i b\u00f6rjan av \u00e5ret<br \/>\n<\/em><\/p>\n<p style=\"text-align: center;\"><em><img decoding=\"async\" src=\"http:\/\/farm5.static.flickr.com\/4119\/4744935681_78f8170e03.jpg\" alt=\"inspekterar leksaker\" \/><\/em><\/p>\n<p style=\"text-align: center;\"><em>Gusten inspekterar leksaker<br \/>\n<\/em><\/p>\n<p style=\"text-align: center;\"><em><img decoding=\"async\" src=\"http:\/\/farm5.static.flickr.com\/4100\/4744932481_cb9421eba3.jpg\" alt=\"plantera\" \/><\/em><\/p>\n<p style=\"text-align: center;\"><em>Gusten planterar en blomma<br \/>\n<\/em><\/p>\n<p style=\"text-align: center;\"><em><img decoding=\"async\" src=\"http:\/\/farm5.static.flickr.com\/4136\/4744935595_e9126b52ed.jpg\" alt=\"Plantering\" \/><\/em><\/p>\n<p style=\"text-align: center;\"><em>Gusten och planteringen<\/em><\/p>\n<p style=\"text-align: center;\"><em><img decoding=\"async\" src=\"http:\/\/farm5.static.flickr.com\/4081\/4745572838_94173574af.jpg\" alt=\"samling\" \/><\/em><\/p>\n<p style=\"text-align: center;\"><em>Samling i lite mer modern tid<\/em><\/p>\n<p style=\"text-align: center;\"><em><img decoding=\"async\" src=\"http:\/\/farm5.static.flickr.com\/4119\/4745573126_357b9ec8a3.jpg\" alt=\"cykla\" \/><\/em><\/p>\n<p style=\"text-align: center;\"><em>Cykla p\u00e5 g\u00e5rden<\/em><\/p>\n<p style=\"text-align: center;\"><em><img decoding=\"async\" src=\"http:\/\/farm5.static.flickr.com\/4142\/4744933649_fe24525d9f.jpg\" alt=\"g\u00e5rden\" \/><\/em><\/p>\n<p style=\"text-align: center;\"><em>Leka<\/em><\/p>\n<p style=\"text-align: center;\"><em><img decoding=\"async\" src=\"http:\/\/farm5.static.flickr.com\/4135\/4744934205_e1d341f2c8.jpg\" alt=\"sandl\u00e5dan\" \/><\/em><\/p>\n<p style=\"text-align: center;\"><em>Mer utomhuslek<\/em><\/p>\n<p style=\"text-align: center;\"><img decoding=\"async\" src=\"http:\/\/farm5.static.flickr.com\/4074\/4745643610_2e9a626616.jpg\" alt=\"\u00c4ta!\" \/><\/p>\n<p style=\"text-align: center;\">\u00c4ta!<\/p>\n<p style=\"text-align: center;\"><em><img decoding=\"async\" src=\"http:\/\/farm5.static.flickr.com\/4073\/4745647468_3a332cdf53.jpg\" alt=\"Dagis!\" \/><\/em><\/p>\n<p style=\"text-align: center;\"><em>Eller \u00e4ta?<\/em><\/p>\n<p style=\"text-align: center;\"><em><strong>Gustens favvofr\u00f6ken fick en stor kram och sen sa vi hejd\u00e5 dagis och vinkade n\u00e4r vi gick b\u00e5de till kompisarna och huset.<\/strong><\/em><\/p>\n<p style=\"text-align: center;\"><em><strong>Hejd\u00e5 dagis! Tack f\u00f6r denna fina tiden! <\/strong><\/em><\/p>\n<p style=\"text-align: center;\"><em><strong><br \/>\n<\/strong><\/em><\/p>\n","protected":false},"excerpt":{"rendered":"<p>Det h\u00e4nder s\u00e5 mycket runt alla, och f\u00f6r v\u00e5r lille son s\u00e5 h\u00e4nder det nog f\u00f6r mycket. \u00c4ven idag s\u00e5 var han j\u00e4tteledsen n\u00e4r vi l\u00e4mnade honom och efter 50 minuter s\u00e5 ringde de och sa att han fortfarande var ledsen och ropade efter mamma. Och sen sa de att det nog var bra om &hellip; <a href=\"https:\/\/oskarochjosefin.se\/index.php\/2010\/06\/29\/hejda-dagis\/\" class=\"more-link\">Forts\u00e4tt l\u00e4sa <span class=\"screen-reader-text\">Hejd\u00e5 dagis!<\/span> <span class=\"meta-nav\">&rarr;<\/span><\/a><\/p>\n","protected":false},"author":3,"featured_media":0,"comment_status":"open","ping_status":"open","sticky":false,"template":"","format":"standard","meta":{"footnotes":""},"categories":[4],"tags":[1041,892,1043,839,553,5,1042,1040,526,1039],"class_list":["post-2616","post","type-post","status-publish","format-standard","hentry","category-josefin","tag-cd","tag-dagis","tag-dagisbilder","tag-flytt","tag-forskola","tag-gusten","tag-gustenbilder","tag-jobbigt-for-liten-kille","tag-ledsen","tag-sorgligt"],"_links":{"self":[{"href":"https:\/\/oskarochjosefin.se\/index.php\/wp-json\/wp\/v2\/posts\/2616","targetHints":{"allow":["GET"]}}],"collection":[{"href":"https:\/\/oskarochjosefin.se\/index.php\/wp-json\/wp\/v2\/posts"}],"about":[{"href":"https:\/\/oskarochjosefin.se\/index.php\/wp-json\/wp\/v2\/types\/post"}],"author":[{"embeddable":true,"href":"https:\/\/oskarochjosefin.se\/index.php\/wp-json\/wp\/v2\/users\/3"}],"replies":[{"embeddable":true,"href":"https:\/\/oskarochjosefin.se\/index.php\/wp-json\/wp\/v2\/comments?post=2616"}],"version-history":[{"count":1,"href":"https:\/\/oskarochjosefin.se\/index.php\/wp-json\/wp\/v2\/posts\/2616\/revisions"}],"predecessor-version":[{"id":2617,"href":"https:\/\/oskarochjosefin.se\/index.php\/wp-json\/wp\/v2\/posts\/2616\/revisions\/2617"}],"wp:attachment":[{"href":"https:\/\/oskarochjosefin.se\/index.php\/wp-json\/wp\/v2\/media?parent=2616"}],"wp:term":[{"taxonomy":"category","embeddable":true,"href":"https:\/\/oskarochjosefin.se\/index.php\/wp-json\/wp\/v2\/categories?post=2616"},{"taxonomy":"post_tag","embeddable":true,"href":"https:\/\/oskarochjosefin.se\/index.php\/wp-json\/wp\/v2\/tags?post=2616"}],"curies":[{"name":"wp","href":"https:\/\/api.w.org\/{rel}","templated":true}]}}