{"id":2636,"date":"2010-07-13T20:01:01","date_gmt":"2010-07-13T18:01:01","guid":{"rendered":"http:\/\/oskarochjosefin.se\/index.php\/2010\/07\/13\/nar-langtan-blir-for-stor\/"},"modified":"2010-07-13T20:01:01","modified_gmt":"2010-07-13T18:01:01","slug":"nar-langtan-blir-for-stor","status":"publish","type":"post","link":"https:\/\/oskarochjosefin.se\/index.php\/2010\/07\/13\/nar-langtan-blir-for-stor\/","title":{"rendered":"N\u00e4r l\u00e4ngtan blir f\u00f6r stor"},"content":{"rendered":"<p><center><a href=\"http:\/\/www.flickr.com\/photos\/oskarochjosefin\/4790956252\/\" title=\"N\u00e4r l\u00e4ngtan blir f\u00f6r stor\"><img decoding=\"async\" src=\"http:\/\/farm5.static.flickr.com\/4135\/4790956252_55626b8bc2.jpg\" alt=\"N\u00e4r l\u00e4ngtan blir f\u00f6r stor\" \/><\/a><\/center><\/p>\n<p>Vi har det v\u00e4ldigt bra p\u00e5 Gotland i v\u00e4rmen och den nya l\u00e4genheten och vi tr\u00e4ffar farmor, farfar och farbror Fredrik v\u00e4ldigt mycket.<\/p>\n<p>Men sj\u00e4lvklart saknar vi ocks\u00e5 mormor, morfar och Lund v\u00e4ldigt mycket, ingen mer \u00e4n Gusten. Men han vet hur man r\u00e5der bot p\u00e5 den v\u00e4rsta l\u00e4ngtan &#8211; man l\u00e5nar mammas mobil och ringer mommo och moffa! Idag inneh\u00f6ll konversationen b\u00e5de ett &quot;puss puss&quot; och &quot;ja eschka d\u00e4&quot;. V\u00e4ldigt fint eftersom vi har \u00f6vat en hel del p\u00e5 &quot;jag \u00e4lskar dig&quot; den senaste tiden. \ud83d\ude42<\/p>\n<div style=\"text-align: right;\">\n<p><small>Postat direkt fr\u00e5n mobil via <a href=\"http:\/\/www.flickr.com\/photos\/oskarochjosefin\/\">flickr<\/a>.<\/small><\/p>\n<\/div>\n","protected":false},"excerpt":{"rendered":"<p>Vi har det v\u00e4ldigt bra p\u00e5 Gotland i v\u00e4rmen och den nya l\u00e4genheten och vi tr\u00e4ffar farmor, farfar och farbror Fredrik v\u00e4ldigt mycket. Men sj\u00e4lvklart saknar vi ocks\u00e5 mormor, morfar och Lund v\u00e4ldigt mycket, ingen mer \u00e4n Gusten. Men han vet hur man r\u00e5der bot p\u00e5 den v\u00e4rsta l\u00e4ngtan &#8211; man l\u00e5nar mammas mobil och &hellip; <a href=\"https:\/\/oskarochjosefin.se\/index.php\/2010\/07\/13\/nar-langtan-blir-for-stor\/\" class=\"more-link\">Forts\u00e4tt l\u00e4sa <span class=\"screen-reader-text\">N\u00e4r l\u00e4ngtan blir f\u00f6r stor<\/span> <span class=\"meta-nav\">&rarr;<\/span><\/a><\/p>\n","protected":false},"author":2,"featured_media":0,"comment_status":"open","ping_status":"open","sticky":false,"template":"","format":"standard","meta":{"footnotes":""},"categories":[3],"tags":[],"class_list":["post-2636","post","type-post","status-publish","format-standard","hentry","category-oskar"],"_links":{"self":[{"href":"https:\/\/oskarochjosefin.se\/index.php\/wp-json\/wp\/v2\/posts\/2636","targetHints":{"allow":["GET"]}}],"collection":[{"href":"https:\/\/oskarochjosefin.se\/index.php\/wp-json\/wp\/v2\/posts"}],"about":[{"href":"https:\/\/oskarochjosefin.se\/index.php\/wp-json\/wp\/v2\/types\/post"}],"author":[{"embeddable":true,"href":"https:\/\/oskarochjosefin.se\/index.php\/wp-json\/wp\/v2\/users\/2"}],"replies":[{"embeddable":true,"href":"https:\/\/oskarochjosefin.se\/index.php\/wp-json\/wp\/v2\/comments?post=2636"}],"version-history":[{"count":0,"href":"https:\/\/oskarochjosefin.se\/index.php\/wp-json\/wp\/v2\/posts\/2636\/revisions"}],"wp:attachment":[{"href":"https:\/\/oskarochjosefin.se\/index.php\/wp-json\/wp\/v2\/media?parent=2636"}],"wp:term":[{"taxonomy":"category","embeddable":true,"href":"https:\/\/oskarochjosefin.se\/index.php\/wp-json\/wp\/v2\/categories?post=2636"},{"taxonomy":"post_tag","embeddable":true,"href":"https:\/\/oskarochjosefin.se\/index.php\/wp-json\/wp\/v2\/tags?post=2636"}],"curies":[{"name":"wp","href":"https:\/\/api.w.org\/{rel}","templated":true}]}}