{"id":2652,"date":"2010-07-23T23:27:43","date_gmt":"2010-07-23T21:27:43","guid":{"rendered":"http:\/\/oskarochjosefin.se\/?p=2652"},"modified":"2010-07-23T23:27:43","modified_gmt":"2010-07-23T21:27:43","slug":"julie-7-veckor","status":"publish","type":"post","link":"https:\/\/oskarochjosefin.se\/index.php\/2010\/07\/23\/julie-7-veckor\/","title":{"rendered":"Julie &#8211; 7 veckor"},"content":{"rendered":"<p>Ig\u00e5r blev v\u00e5r lilla tjej sju veckor gammal! Ojoj! Snart tv\u00e5 m\u00e5nader allts\u00e5. Och precis som med Gusten s\u00e5 k\u00e4nns det som om hon varit med l\u00e4ngre \u00e4n s\u00e5. Hon \u00e4r fortfarande s\u00e5 sn\u00e4ll, sover mycket, \u00e4ter bra och \u00e4r allm\u00e4nt n\u00f6jd f\u00f6r det mesta. Gasig som bara den \u00e4r hon fortfarande dock &#8211; s\u00e5 nu har vi b\u00f6rjat ge lite magknipsmassage &#8211; dock \u00e4r vi inte s\u00e5 f\u00f6rtjusta i doften den ger n\u00e4r hon pruttar f\u00f6r fullt n\u00e4r man trycker upp kn\u00e4na mot magen \ud83d\ude09 Men hellre ute \u00e4n inne d\u00e5 hon ligger och k\u00e4mpar s\u00e5 det f\u00e5r vi ta \ud83d\ude42<\/p>\n<p>Ig\u00e5r var vi p\u00e5 v\u00e5rt f\u00f6rsta bes\u00f6k p\u00e5 BVC i Visby och Julie v\u00e4gde in p\u00e5 finfina 5365 g och var hela 59 cm l\u00e5ng. Mycket st\u00f6rre \u00e4n f\u00f6rra g\u00e5ngen allts\u00e5! Och allt gick upp\u00e5t och verkade bra! Underbart! Det var \u00e4ven h\u00e4r vi fick tips om magknipsmassagen. Vi fick en sk\u00f6terska som verkade bra, \u00e4ven om ingen nog \u00e4r lika bra som v\u00e5r i Lund.. men det \u00e4r nog sv\u00e5rt &#8211; d\u00e4r hade vi ju toppentur!<\/p>\n<p>Och n\u00e5got som kollades p\u00e5 BVC var om svarsleendet kommit.. och det testades faktiskt ocks\u00e5. Och jomenvisst log v\u00e5r flicka \u00e5t sk\u00f6terskan! Woho! H\u00e4r kommer lite bilder p\u00e5 leenden som vi lyckades f\u00e5nga \u00e4ven p\u00e5 film med systemkameran idag (annars har det bara f\u00e5ngats av mobilkameran). Enjoy!<\/p>\n<p style=\"text-align: center;\"><img decoding=\"async\" class=\"aligncenter\" src=\"http:\/\/farm5.static.flickr.com\/4141\/4821605627_21666e37d9.jpg\" alt=\"Julie glad\" \/><\/p>\n<p style=\"text-align: center;\"><em>Ler \u00e5t pappa<\/em><\/p>\n<p style=\"text-align: center;\"><img decoding=\"async\" src=\"http:\/\/farm5.static.flickr.com\/4116\/4822225336_a38cef849f.jpg\" alt=\"Julie glad\" \/><\/p>\n<p style=\"text-align: center;\"><em>Mer leenden \u00e5t pappa<\/em><\/p>\n<p style=\"text-align: center;\"><img decoding=\"async\" src=\"http:\/\/farm5.static.flickr.com\/4117\/4822221428_04fa2b5f87.jpg\" alt=\"Julie glad\" \/><\/p>\n<p style=\"text-align: center;\"><em>Och ett \u00e5t mamma ocks\u00e5!<\/em><\/p>\n","protected":false},"excerpt":{"rendered":"<p>Ig\u00e5r blev v\u00e5r lilla tjej sju veckor gammal! Ojoj! Snart tv\u00e5 m\u00e5nader allts\u00e5. Och precis som med Gusten s\u00e5 k\u00e4nns det som om hon varit med l\u00e4ngre \u00e4n s\u00e5. Hon \u00e4r fortfarande s\u00e5 sn\u00e4ll, sover mycket, \u00e4ter bra och \u00e4r allm\u00e4nt n\u00f6jd f\u00f6r det mesta. Gasig som bara den \u00e4r hon fortfarande dock &#8211; s\u00e5 &hellip; <a href=\"https:\/\/oskarochjosefin.se\/index.php\/2010\/07\/23\/julie-7-veckor\/\" class=\"more-link\">Forts\u00e4tt l\u00e4sa <span class=\"screen-reader-text\">Julie &#8211; 7 veckor<\/span> <span class=\"meta-nav\">&rarr;<\/span><\/a><\/p>\n","protected":false},"author":2,"featured_media":0,"comment_status":"open","ping_status":"open","sticky":false,"template":"","format":"standard","meta":{"footnotes":""},"categories":[4],"tags":[1057,35,20,1055,1013,43,1056,42],"class_list":["post-2652","post","type-post","status-publish","format-standard","hentry","category-josefin","tag-7-veckor","tag-bilder","tag-bvc","tag-bvc-visby","tag-julie","tag-langd","tag-veckor","tag-vikt"],"_links":{"self":[{"href":"https:\/\/oskarochjosefin.se\/index.php\/wp-json\/wp\/v2\/posts\/2652","targetHints":{"allow":["GET"]}}],"collection":[{"href":"https:\/\/oskarochjosefin.se\/index.php\/wp-json\/wp\/v2\/posts"}],"about":[{"href":"https:\/\/oskarochjosefin.se\/index.php\/wp-json\/wp\/v2\/types\/post"}],"author":[{"embeddable":true,"href":"https:\/\/oskarochjosefin.se\/index.php\/wp-json\/wp\/v2\/users\/2"}],"replies":[{"embeddable":true,"href":"https:\/\/oskarochjosefin.se\/index.php\/wp-json\/wp\/v2\/comments?post=2652"}],"version-history":[{"count":2,"href":"https:\/\/oskarochjosefin.se\/index.php\/wp-json\/wp\/v2\/posts\/2652\/revisions"}],"predecessor-version":[{"id":2654,"href":"https:\/\/oskarochjosefin.se\/index.php\/wp-json\/wp\/v2\/posts\/2652\/revisions\/2654"}],"wp:attachment":[{"href":"https:\/\/oskarochjosefin.se\/index.php\/wp-json\/wp\/v2\/media?parent=2652"}],"wp:term":[{"taxonomy":"category","embeddable":true,"href":"https:\/\/oskarochjosefin.se\/index.php\/wp-json\/wp\/v2\/categories?post=2652"},{"taxonomy":"post_tag","embeddable":true,"href":"https:\/\/oskarochjosefin.se\/index.php\/wp-json\/wp\/v2\/tags?post=2652"}],"curies":[{"name":"wp","href":"https:\/\/api.w.org\/{rel}","templated":true}]}}