{"id":269,"date":"2007-11-19T17:04:31","date_gmt":"2007-11-19T16:04:31","guid":{"rendered":"http:\/\/oskarochjosefin.se\/index.php\/2007\/11\/19\/tillbaka-i-lund\/"},"modified":"2007-11-20T22:06:34","modified_gmt":"2007-11-20T21:06:34","slug":"tillbaka-i-lund","status":"publish","type":"post","link":"https:\/\/oskarochjosefin.se\/index.php\/2007\/11\/19\/tillbaka-i-lund\/","title":{"rendered":"Tillbaka i Lund"},"content":{"rendered":"<p>Vi var allts\u00e5 p\u00e5 min k\u00e4ra f\u00f6delse\u00f6 i helgen. Vi k\u00f6rde bil mot Gotland redan p\u00e5 torsdagen och kom fram lite efter midnatt. F\u00f6r\u00e4ldrarna var uppe och v\u00e4ntade och efter ett tag d\u00f6k Lisa, Jenny och Tage upp. De hade \u00e5kt fr\u00e5n Uppsala och var ocks\u00e5 p\u00e5 Gotland f\u00f6r festen p\u00e5 l\u00f6rdagen. Det var j\u00e4ttekul att tr\u00e4ffa dem igen och bebisen Tage \u00e4r en helt fantastisk. S\u00e5 s\u00f6t och glad och roligt att vara med.<\/p>\n<p>P\u00e5 fredagen gick vi lite p\u00e5 stan och sen p\u00e5 kv\u00e4llen \u00e5kte jag och Josi \u00f6ver till Fredrik med n\u00e5gra kassar mat. Vi firdade honom i efterskott och sen b\u00f6rjade vi laga Tacos. Efter ett tag kom Jenny, Lisa och Tage och sen d\u00f6k \u00e4ven mamma och pappa upp. Vi \u00e5t, pratade och tittade p\u00e5 Idol. Sk\u00f6nt att bara umg\u00e5s s\u00e5 inom familjen.<\/p>\n<p><a href=\"https:\/\/oskarochjosefin.se\/wp-content\/uploads\/2007\/11\/fredrik.png\" title=\"Fredrik\"><img decoding=\"async\" src=\"https:\/\/oskarochjosefin.se\/wp-content\/uploads\/2007\/11\/fredrik.thumbnail.png\" title=\"Fredrik\" alt=\"Fredrik\" hspace=\"5\" vspace=\"5\" \/><\/a><a href=\"https:\/\/oskarochjosefin.se\/wp-content\/uploads\/2007\/11\/oskar-tage-3.png\" title=\"Oskar &amp; Tage\"><img decoding=\"async\" src=\"https:\/\/oskarochjosefin.se\/wp-content\/uploads\/2007\/11\/oskar-tage-3.thumbnail.png\" title=\"Oskar &amp; Tage\" alt=\"Oskar &amp; Tage\" hspace=\"5\" vspace=\"5\" \/><\/a><a href=\"https:\/\/oskarochjosefin.se\/wp-content\/uploads\/2007\/11\/oskar-tage-2.png\" title=\"Oskar &amp; Tage\"><img decoding=\"async\" src=\"https:\/\/oskarochjosefin.se\/wp-content\/uploads\/2007\/11\/oskar-tage-2.thumbnail.png\" title=\"Oskar &amp; Tage\" alt=\"Oskar &amp; Tage\" hspace=\"5\" vspace=\"5\" \/><\/a><a href=\"https:\/\/oskarochjosefin.se\/wp-content\/uploads\/2007\/11\/oskar-tage-4.png\" title=\"Oskar &amp; Tage\"><img decoding=\"async\" src=\"https:\/\/oskarochjosefin.se\/wp-content\/uploads\/2007\/11\/oskar-tage-4.thumbnail.png\" title=\"Oskar &amp; Tage\" alt=\"Oskar &amp; Tage\" hspace=\"5\" vspace=\"5\" \/><\/a><a href=\"https:\/\/oskarochjosefin.se\/wp-content\/uploads\/2007\/11\/tage.png\" title=\"Tage &amp; Fredrik\"><img decoding=\"async\" src=\"https:\/\/oskarochjosefin.se\/wp-content\/uploads\/2007\/11\/tage.thumbnail.png\" title=\"Tage &amp; Fredrik\" alt=\"Tage &amp; Fredrik\" hspace=\"5\" vspace=\"5\" \/><\/a><\/p>\n<p>Kr\u00e4nku fyller allts\u00e5 30 \u00e5r idag, den 19:e novmeber. Vi firade in det redan i l\u00f6rdags med en  stor Jubileumsfest med personal fr\u00e5n alla \u00e5ren. Det blev snittar och f\u00f6rdrink i ladan. Sen tipspromenad och lite pratstund i aff\u00e4ren. Sen en buff\u00e9 p\u00e5 S:t Hans Caf\u00e9 med massor av god mat. Kv\u00e4llen avslutades med liveband och lite dans f\u00f6r dem som v\u00e5gade och ville. Det var allt som allt riktigt lyckat och det var kul att tr\u00e4ffa all personal. Vi f\u00e5r \u00e5terkomma med lite mer bilder, det h\u00e4r \u00e4r mest innan och sen hade vi inte med oss v\u00e5r kamera.<\/p>\n<p><a href=\"https:\/\/oskarochjosefin.se\/wp-content\/uploads\/2007\/11\/glas.png\" title=\"Glas\"><img decoding=\"async\" src=\"https:\/\/oskarochjosefin.se\/wp-content\/uploads\/2007\/11\/glas.thumbnail.png\" title=\"Glas\" alt=\"Glas\" hspace=\"5\" vspace=\"5\" \/><\/a><a href=\"https:\/\/oskarochjosefin.se\/wp-content\/uploads\/2007\/11\/oskar.png\" title=\"Oskar\"><img decoding=\"async\" src=\"https:\/\/oskarochjosefin.se\/wp-content\/uploads\/2007\/11\/oskar.thumbnail.png\" title=\"Oskar\" alt=\"Oskar\" hspace=\"5\" vspace=\"5\" \/><\/a><a href=\"https:\/\/oskarochjosefin.se\/wp-content\/uploads\/2007\/11\/snittar.png\" title=\"Snittar\"><img decoding=\"async\" src=\"https:\/\/oskarochjosefin.se\/wp-content\/uploads\/2007\/11\/snittar.thumbnail.png\" title=\"Snittar\" alt=\"Snittar\" hspace=\"5\" vspace=\"5\" \/><\/a><a href=\"https:\/\/oskarochjosefin.se\/wp-content\/uploads\/2007\/11\/snittar-narbild.png\" title=\"Snittar p\u00e5 n\u00e4ra h\u00e5ll\"><img decoding=\"async\" src=\"https:\/\/oskarochjosefin.se\/wp-content\/uploads\/2007\/11\/snittar-narbild.thumbnail.png\" title=\"Snittar p\u00e5 n\u00e4ra h\u00e5ll\" alt=\"Snittar p\u00e5 n\u00e4ra h\u00e5ll\" hspace=\"5\" vspace=\"5\" \/><\/a><a href=\"https:\/\/oskarochjosefin.se\/wp-content\/uploads\/2007\/11\/collage.png\" title=\"Collage\"><img decoding=\"async\" src=\"https:\/\/oskarochjosefin.se\/wp-content\/uploads\/2007\/11\/collage.thumbnail.png\" title=\"Collage\" alt=\"Collage\" hspace=\"5\" vspace=\"5\" \/><\/a><a href=\"https:\/\/oskarochjosefin.se\/wp-content\/uploads\/2007\/11\/jenny-lisa.png\" title=\"Jenny &amp; Lisa\"><img decoding=\"async\" src=\"https:\/\/oskarochjosefin.se\/wp-content\/uploads\/2007\/11\/jenny-lisa.thumbnail.png\" title=\"Jenny &amp; Lisa\" alt=\"Jenny &amp; Lisa\" hspace=\"5\" vspace=\"5\" \/><\/a><a href=\"https:\/\/oskarochjosefin.se\/wp-content\/uploads\/2007\/11\/personalen.png\" title=\"Lite av den (yngre) personalen\"><img decoding=\"async\" src=\"https:\/\/oskarochjosefin.se\/wp-content\/uploads\/2007\/11\/personalen.thumbnail.png\" title=\"Lite av den (yngre) personalen\" alt=\"Lite av den (yngre) personalen\" hspace=\"5\" vspace=\"5\" \/><\/a><\/p>\n<p>Men nu \u00e4r vi allts\u00e5 tillbaka i Lund. Vi \u00e5ker dock mot Gotland redan p\u00e5 torsdag igen. P\u00e5 fredag och l\u00f6rdag \u00e4r det n\u00e4mligen <a href=\"http:\/\/www.kraenku.se\/bilder\/Jubileum.png\" title=\"Jippo p\u00e5 Kr\u00e4nku!\" target=\"_blank\">demodagar i aff\u00e4ren<\/a> och det kommer vara kul att h\u00e4nga d\u00e4r. Men f\u00f6rst har vi n\u00e5gra dagar framf\u00f6r oss med plugg. Ska f\u00f6rs\u00f6ka f\u00e5 undan s\u00e5 mycket som m\u00f6jligt innan torsdag.<\/p>\n<p>Vi h\u00f6rs!<\/p>\n","protected":false},"excerpt":{"rendered":"<p>Vi var allts\u00e5 p\u00e5 min k\u00e4ra f\u00f6delse\u00f6 i helgen. Vi k\u00f6rde bil mot Gotland redan p\u00e5 torsdagen och kom fram lite efter midnatt. F\u00f6r\u00e4ldrarna var uppe och v\u00e4ntade och efter ett tag d\u00f6k Lisa, Jenny och Tage upp. De hade \u00e5kt fr\u00e5n Uppsala och var ocks\u00e5 p\u00e5 Gotland f\u00f6r festen p\u00e5 l\u00f6rdagen. Det var j\u00e4ttekul &hellip; <a href=\"https:\/\/oskarochjosefin.se\/index.php\/2007\/11\/19\/tillbaka-i-lund\/\" class=\"more-link\">Forts\u00e4tt l\u00e4sa <span class=\"screen-reader-text\">Tillbaka i Lund<\/span> <span class=\"meta-nav\">&rarr;<\/span><\/a><\/p>\n","protected":false},"author":2,"featured_media":0,"comment_status":"open","ping_status":"open","sticky":false,"template":"","format":"standard","meta":{"footnotes":""},"categories":[3],"tags":[],"class_list":["post-269","post","type-post","status-publish","format-standard","hentry","category-oskar"],"_links":{"self":[{"href":"https:\/\/oskarochjosefin.se\/index.php\/wp-json\/wp\/v2\/posts\/269","targetHints":{"allow":["GET"]}}],"collection":[{"href":"https:\/\/oskarochjosefin.se\/index.php\/wp-json\/wp\/v2\/posts"}],"about":[{"href":"https:\/\/oskarochjosefin.se\/index.php\/wp-json\/wp\/v2\/types\/post"}],"author":[{"embeddable":true,"href":"https:\/\/oskarochjosefin.se\/index.php\/wp-json\/wp\/v2\/users\/2"}],"replies":[{"embeddable":true,"href":"https:\/\/oskarochjosefin.se\/index.php\/wp-json\/wp\/v2\/comments?post=269"}],"version-history":[{"count":0,"href":"https:\/\/oskarochjosefin.se\/index.php\/wp-json\/wp\/v2\/posts\/269\/revisions"}],"wp:attachment":[{"href":"https:\/\/oskarochjosefin.se\/index.php\/wp-json\/wp\/v2\/media?parent=269"}],"wp:term":[{"taxonomy":"category","embeddable":true,"href":"https:\/\/oskarochjosefin.se\/index.php\/wp-json\/wp\/v2\/categories?post=269"},{"taxonomy":"post_tag","embeddable":true,"href":"https:\/\/oskarochjosefin.se\/index.php\/wp-json\/wp\/v2\/tags?post=269"}],"curies":[{"name":"wp","href":"https:\/\/api.w.org\/{rel}","templated":true}]}}