{"id":2723,"date":"2010-09-06T11:34:15","date_gmt":"2010-09-06T09:34:15","guid":{"rendered":"http:\/\/oskarochjosefin.se\/index.php\/2010\/09\/06\/inskolning-dag-ett\/"},"modified":"2010-09-06T11:34:15","modified_gmt":"2010-09-06T09:34:15","slug":"inskolning-dag-ett","status":"publish","type":"post","link":"https:\/\/oskarochjosefin.se\/index.php\/2010\/09\/06\/inskolning-dag-ett\/","title":{"rendered":"Inskolning &#8211; dag ett"},"content":{"rendered":"<p>Idag var det allts\u00e5 dags f\u00f6r inskolning. Igen. Och som den veteran jag \u00e4r inom det omr\u00e5det traskade jag och Gusten med modiga kliv in p\u00e5 hans nya dagis. Eller inte. <\/p>\n<p>Det var allt lite nerv\u00f6st \u00e4ven denna g\u00e5ng men jag hade lite b\u00e4ttre koll p\u00e5 min roll och vad som f\u00f6rv\u00e4ntas av b\u00e5de mig och Gusten. Och det \u00e4r verkligen ett toppenst\u00e4lle vi hamnat p\u00e5. Ett helt g\u00e4ng barn kom, tillsammans med Gustens inskolningsfr\u00f6ken, och m\u00f6tte oss i hallen. Sen gick de andra barnen ut och Gusten var kvar inne med sin fr\u00f6ken och ett annat barn. Och jag ocks\u00e5 d\u00e5 s\u00e5 klart. \ud83d\ude42<\/p>\n<p>Sen lekte de stilla tillsammans i en timme, n\u00e4stan uteslutande med massor av bilar, traktorer och flygplan som \u00e5kte upp och ner i ett parkeringshus. Och pl\u00f6tsligt var det dags att g\u00e5. Vi g\u00f6r samma sak i morgon och p\u00e5 onsdag och sen f\u00e5r vi se hur det utvecklar sig. <\/p>\n<p>Redan ikv\u00e4ll \u00e4r det f\u00f6r\u00e4ldram\u00f6te f\u00f6r mig ocks\u00e5, vilket k\u00e4nns ganska nerv\u00f6st. Mitt f\u00f6rsta n\u00e5gonsin. Idag blir jag allts\u00e5 en vuxen f\u00f6r\u00e4lder p\u00e5 riktigt. Stor dag.<\/p>\n","protected":false},"excerpt":{"rendered":"<p>Idag var det allts\u00e5 dags f\u00f6r inskolning. Igen. Och som den veteran jag \u00e4r inom det omr\u00e5det traskade jag och Gusten med modiga kliv in p\u00e5 hans nya dagis. Eller inte. Det var allt lite nerv\u00f6st \u00e4ven denna g\u00e5ng men jag hade lite b\u00e4ttre koll p\u00e5 min roll och vad som f\u00f6rv\u00e4ntas av b\u00e5de mig &hellip; <a href=\"https:\/\/oskarochjosefin.se\/index.php\/2010\/09\/06\/inskolning-dag-ett\/\" class=\"more-link\">Forts\u00e4tt l\u00e4sa <span class=\"screen-reader-text\">Inskolning &#8211; dag ett<\/span> <span class=\"meta-nav\">&rarr;<\/span><\/a><\/p>\n","protected":false},"author":2,"featured_media":0,"comment_status":"open","ping_status":"open","sticky":false,"template":"","format":"standard","meta":{"footnotes":""},"categories":[3],"tags":[892,1082,912,672],"class_list":["post-2723","post","type-post","status-publish","format-standard","hentry","category-oskar","tag-dagis","tag-foraldramote","tag-inskolning","tag-leka"],"_links":{"self":[{"href":"https:\/\/oskarochjosefin.se\/index.php\/wp-json\/wp\/v2\/posts\/2723","targetHints":{"allow":["GET"]}}],"collection":[{"href":"https:\/\/oskarochjosefin.se\/index.php\/wp-json\/wp\/v2\/posts"}],"about":[{"href":"https:\/\/oskarochjosefin.se\/index.php\/wp-json\/wp\/v2\/types\/post"}],"author":[{"embeddable":true,"href":"https:\/\/oskarochjosefin.se\/index.php\/wp-json\/wp\/v2\/users\/2"}],"replies":[{"embeddable":true,"href":"https:\/\/oskarochjosefin.se\/index.php\/wp-json\/wp\/v2\/comments?post=2723"}],"version-history":[{"count":0,"href":"https:\/\/oskarochjosefin.se\/index.php\/wp-json\/wp\/v2\/posts\/2723\/revisions"}],"wp:attachment":[{"href":"https:\/\/oskarochjosefin.se\/index.php\/wp-json\/wp\/v2\/media?parent=2723"}],"wp:term":[{"taxonomy":"category","embeddable":true,"href":"https:\/\/oskarochjosefin.se\/index.php\/wp-json\/wp\/v2\/categories?post=2723"},{"taxonomy":"post_tag","embeddable":true,"href":"https:\/\/oskarochjosefin.se\/index.php\/wp-json\/wp\/v2\/tags?post=2723"}],"curies":[{"name":"wp","href":"https:\/\/api.w.org\/{rel}","templated":true}]}}