{"id":2768,"date":"2010-10-05T15:17:31","date_gmt":"2010-10-05T13:17:31","guid":{"rendered":"http:\/\/oskarochjosefin.se\/?p=2768"},"modified":"2010-10-05T15:23:29","modified_gmt":"2010-10-05T13:23:29","slug":"gusten-sager-grattis","status":"publish","type":"post","link":"https:\/\/oskarochjosefin.se\/index.php\/2010\/10\/05\/gusten-sager-grattis\/","title":{"rendered":"Gusten s\u00e4ger grattis"},"content":{"rendered":"<p>N\u00e4r jag och Gusten skyndade oss till dagis i morse s\u00e5 gl\u00f6mde vi att s\u00e4ga grattis till farfar som vi m\u00f6tte n\u00e4r han kom fr\u00e5n morgonens vattengympa. Tusan ocks\u00e5! Jag och Gusten som hade \u00f6vat s\u00e5 bra vid frukostbordet p\u00e5 vad vi skulle s\u00e4ga till farfar och allt. Som tur var s\u00e5 filmade jag lite ocks\u00e5:<br \/>\n<object width=\"500\" height=\"400\"><param name=\"movie\" value=\"http:\/\/www.youtube.com\/v\/4yilk2xU7uc?fs=1&amp;hl=sv_SE&amp;rel=0&amp;color1=0x3a3a3a&amp;color2=0x999999\"><\/param><param name=\"allowFullScreen\" value=\"true\"><\/param><param name=\"allowscriptaccess\" value=\"always\"><\/param><embed src=\"http:\/\/www.youtube.com\/v\/4yilk2xU7uc?fs=1&amp;hl=sv_SE&amp;rel=0&amp;color1=0x3a3a3a&amp;color2=0x999999\" type=\"application\/x-shockwave-flash\" allowscriptaccess=\"always\" allowfullscreen=\"true\" width=\"500\" height=\"400\"><\/embed><\/object><\/p>\n","protected":false},"excerpt":{"rendered":"<p>N\u00e4r jag och Gusten skyndade oss till dagis i morse s\u00e5 gl\u00f6mde vi att s\u00e4ga grattis till farfar som vi m\u00f6tte n\u00e4r han kom fr\u00e5n morgonens vattengympa. Tusan ocks\u00e5! Jag och Gusten som hade \u00f6vat s\u00e5 bra vid frukostbordet p\u00e5 vad vi skulle s\u00e4ga till farfar och allt. Som tur var s\u00e5 filmade jag lite &hellip; <a href=\"https:\/\/oskarochjosefin.se\/index.php\/2010\/10\/05\/gusten-sager-grattis\/\" class=\"more-link\">Forts\u00e4tt l\u00e4sa <span class=\"screen-reader-text\">Gusten s\u00e4ger grattis<\/span> <span class=\"meta-nav\">&rarr;<\/span><\/a><\/p>\n","protected":false},"author":2,"featured_media":0,"comment_status":"open","ping_status":"open","sticky":false,"template":"","format":"standard","meta":{"footnotes":""},"categories":[3],"tags":[625,635,376,10,1110],"class_list":["post-2768","post","type-post","status-publish","format-standard","hentry","category-oskar","tag-farfar","tag-fylla-ar","tag-grattis","tag-gustenfilm","tag-ja-ma-han-leva"],"_links":{"self":[{"href":"https:\/\/oskarochjosefin.se\/index.php\/wp-json\/wp\/v2\/posts\/2768","targetHints":{"allow":["GET"]}}],"collection":[{"href":"https:\/\/oskarochjosefin.se\/index.php\/wp-json\/wp\/v2\/posts"}],"about":[{"href":"https:\/\/oskarochjosefin.se\/index.php\/wp-json\/wp\/v2\/types\/post"}],"author":[{"embeddable":true,"href":"https:\/\/oskarochjosefin.se\/index.php\/wp-json\/wp\/v2\/users\/2"}],"replies":[{"embeddable":true,"href":"https:\/\/oskarochjosefin.se\/index.php\/wp-json\/wp\/v2\/comments?post=2768"}],"version-history":[{"count":4,"href":"https:\/\/oskarochjosefin.se\/index.php\/wp-json\/wp\/v2\/posts\/2768\/revisions"}],"predecessor-version":[{"id":2781,"href":"https:\/\/oskarochjosefin.se\/index.php\/wp-json\/wp\/v2\/posts\/2768\/revisions\/2781"}],"wp:attachment":[{"href":"https:\/\/oskarochjosefin.se\/index.php\/wp-json\/wp\/v2\/media?parent=2768"}],"wp:term":[{"taxonomy":"category","embeddable":true,"href":"https:\/\/oskarochjosefin.se\/index.php\/wp-json\/wp\/v2\/categories?post=2768"},{"taxonomy":"post_tag","embeddable":true,"href":"https:\/\/oskarochjosefin.se\/index.php\/wp-json\/wp\/v2\/tags?post=2768"}],"curies":[{"name":"wp","href":"https:\/\/api.w.org\/{rel}","templated":true}]}}