{"id":2777,"date":"2010-10-05T08:15:08","date_gmt":"2010-10-05T06:15:08","guid":{"rendered":"http:\/\/oskarochjosefin.se\/index.php\/2010\/10\/05\/grattis-pappasvarfarfarfar-sylve\/"},"modified":"2010-10-05T08:15:08","modified_gmt":"2010-10-05T06:15:08","slug":"grattis-pappasvarfarfarfar-sylve","status":"publish","type":"post","link":"https:\/\/oskarochjosefin.se\/index.php\/2010\/10\/05\/grattis-pappasvarfarfarfar-sylve\/","title":{"rendered":"Grattis pappa\/sv\u00e4rfar\/farfar Sylve!"},"content":{"rendered":"<p><center><a href=\"http:\/\/www.flickr.com\/photos\/oskarochjosefin\/5053076231\/\" title=\"Grattis pappa\/sv\u00e4rfar\/farfar Sylve!\"><img decoding=\"async\" src=\"http:\/\/farm5.static.flickr.com\/4107\/5053076231_f4f19259f2.jpg\" alt=\"Grattis pappa\/sv\u00e4rfar\/farfar Sylve!\" \/><\/a><\/center><\/p>\n<p>Idag fyller Gusten och Julies farfar, min pappa och Josefins blivande sv\u00e4rfar \u00e5r. F\u00f6r ett \u00e5r sedan roade vi oss kungligt p\u00e5 spa och sen i Danmark vid den h\u00e4r tiden. I \u00e5r blir det lite mera vardag, men det \u00e4r n\u00e4stan s\u00e5 att vi har det mysigare nu. \ud83d\ude42 P\u00e5 bilden g\u00f6r farfar och Gusten sin absoluta favoritgrej tillsammans &#8211; cyklar. Bilden \u00e4r n\u00e5gra veckor gammal, d\u00e5 det var lite varmare. \ud83d\ude42<\/p>\n<p>Stort grattis till v\u00e4rldens b\u00e4sta Sylve! Kramar fr\u00e5n oss!<\/p>\n<div style=\"text-align: right;\">\n<p><small>Postat direkt fr\u00e5n mobil via <a href=\"http:\/\/www.flickr.com\/photos\/oskarochjosefin\/\">flickr<\/a>.<\/small><\/p>\n<\/div>\n","protected":false},"excerpt":{"rendered":"<p>Idag fyller Gusten och Julies farfar, min pappa och Josefins blivande sv\u00e4rfar \u00e5r. F\u00f6r ett \u00e5r sedan roade vi oss kungligt p\u00e5 spa och sen i Danmark vid den h\u00e4r tiden. I \u00e5r blir det lite mera vardag, men det \u00e4r n\u00e4stan s\u00e5 att vi har det mysigare nu. \ud83d\ude42 P\u00e5 bilden g\u00f6r farfar och &hellip; <a href=\"https:\/\/oskarochjosefin.se\/index.php\/2010\/10\/05\/grattis-pappasvarfarfarfar-sylve\/\" class=\"more-link\">Forts\u00e4tt l\u00e4sa <span class=\"screen-reader-text\">Grattis pappa\/sv\u00e4rfar\/farfar Sylve!<\/span> <span class=\"meta-nav\">&rarr;<\/span><\/a><\/p>\n","protected":false},"author":2,"featured_media":0,"comment_status":"open","ping_status":"open","sticky":false,"template":"","format":"standard","meta":{"footnotes":""},"categories":[3],"tags":[],"class_list":["post-2777","post","type-post","status-publish","format-standard","hentry","category-oskar"],"_links":{"self":[{"href":"https:\/\/oskarochjosefin.se\/index.php\/wp-json\/wp\/v2\/posts\/2777","targetHints":{"allow":["GET"]}}],"collection":[{"href":"https:\/\/oskarochjosefin.se\/index.php\/wp-json\/wp\/v2\/posts"}],"about":[{"href":"https:\/\/oskarochjosefin.se\/index.php\/wp-json\/wp\/v2\/types\/post"}],"author":[{"embeddable":true,"href":"https:\/\/oskarochjosefin.se\/index.php\/wp-json\/wp\/v2\/users\/2"}],"replies":[{"embeddable":true,"href":"https:\/\/oskarochjosefin.se\/index.php\/wp-json\/wp\/v2\/comments?post=2777"}],"version-history":[{"count":0,"href":"https:\/\/oskarochjosefin.se\/index.php\/wp-json\/wp\/v2\/posts\/2777\/revisions"}],"wp:attachment":[{"href":"https:\/\/oskarochjosefin.se\/index.php\/wp-json\/wp\/v2\/media?parent=2777"}],"wp:term":[{"taxonomy":"category","embeddable":true,"href":"https:\/\/oskarochjosefin.se\/index.php\/wp-json\/wp\/v2\/categories?post=2777"},{"taxonomy":"post_tag","embeddable":true,"href":"https:\/\/oskarochjosefin.se\/index.php\/wp-json\/wp\/v2\/tags?post=2777"}],"curies":[{"name":"wp","href":"https:\/\/api.w.org\/{rel}","templated":true}]}}