{"id":2869,"date":"2010-11-24T15:54:08","date_gmt":"2010-11-24T14:54:08","guid":{"rendered":"http:\/\/oskarochjosefin.se\/index.php\/2010\/11\/24\/sma-och-stora-vanner\/"},"modified":"2010-11-24T15:54:08","modified_gmt":"2010-11-24T14:54:08","slug":"sma-och-stora-vanner","status":"publish","type":"post","link":"https:\/\/oskarochjosefin.se\/index.php\/2010\/11\/24\/sma-och-stora-vanner\/","title":{"rendered":"Sm\u00e5 och stora v\u00e4nner"},"content":{"rendered":"<p><center><a href=\"http:\/\/www.flickr.com\/photos\/oskarochjosefin\/5204416850\/\" title=\"Sm\u00e5 och stora v\u00e4nner\"><img decoding=\"async\" src=\"http:\/\/farm6.static.flickr.com\/5008\/5204416850_74aebd29d5.jpg\" alt=\"Sm\u00e5 och stora v\u00e4nner\" \/><\/a><\/center><\/p>\n<p>Oskars kompis Stefan \u00e4r p\u00e5 bes\u00f6k tillsammans med sin son Theo. Oskar l\u00e4ste om traktorer f\u00f6r de b\u00e5da sm\u00e5 pojkarna \ud83d\ude42<\/p>\n<div style=\"text-align: right;\">\n<p><small>Postat direkt fr\u00e5n mobil via <a href=\"http:\/\/www.flickr.com\/photos\/oskarochjosefin\/\">flickr<\/a>.<\/small><\/p>\n<\/div>\n","protected":false},"excerpt":{"rendered":"<p>Oskars kompis Stefan \u00e4r p\u00e5 bes\u00f6k tillsammans med sin son Theo. Oskar l\u00e4ste om traktorer f\u00f6r de b\u00e5da sm\u00e5 pojkarna \ud83d\ude42 Postat direkt fr\u00e5n mobil via flickr.<\/p>\n","protected":false},"author":2,"featured_media":0,"comment_status":"open","ping_status":"open","sticky":false,"template":"","format":"standard","meta":{"footnotes":""},"categories":[3],"tags":[],"class_list":["post-2869","post","type-post","status-publish","format-standard","hentry","category-oskar"],"_links":{"self":[{"href":"https:\/\/oskarochjosefin.se\/index.php\/wp-json\/wp\/v2\/posts\/2869","targetHints":{"allow":["GET"]}}],"collection":[{"href":"https:\/\/oskarochjosefin.se\/index.php\/wp-json\/wp\/v2\/posts"}],"about":[{"href":"https:\/\/oskarochjosefin.se\/index.php\/wp-json\/wp\/v2\/types\/post"}],"author":[{"embeddable":true,"href":"https:\/\/oskarochjosefin.se\/index.php\/wp-json\/wp\/v2\/users\/2"}],"replies":[{"embeddable":true,"href":"https:\/\/oskarochjosefin.se\/index.php\/wp-json\/wp\/v2\/comments?post=2869"}],"version-history":[{"count":0,"href":"https:\/\/oskarochjosefin.se\/index.php\/wp-json\/wp\/v2\/posts\/2869\/revisions"}],"wp:attachment":[{"href":"https:\/\/oskarochjosefin.se\/index.php\/wp-json\/wp\/v2\/media?parent=2869"}],"wp:term":[{"taxonomy":"category","embeddable":true,"href":"https:\/\/oskarochjosefin.se\/index.php\/wp-json\/wp\/v2\/categories?post=2869"},{"taxonomy":"post_tag","embeddable":true,"href":"https:\/\/oskarochjosefin.se\/index.php\/wp-json\/wp\/v2\/tags?post=2869"}],"curies":[{"name":"wp","href":"https:\/\/api.w.org\/{rel}","templated":true}]}}