{"id":3007,"date":"2011-02-09T13:27:39","date_gmt":"2011-02-09T12:27:39","guid":{"rendered":"http:\/\/oskarochjosefin.se\/index.php\/2011\/02\/09\/vandning\/"},"modified":"2011-02-09T13:27:39","modified_gmt":"2011-02-09T12:27:39","slug":"vandning","status":"publish","type":"post","link":"https:\/\/oskarochjosefin.se\/index.php\/2011\/02\/09\/vandning\/","title":{"rendered":"V\u00e4ndning"},"content":{"rendered":"<p><center><a href=\"http:\/\/www.flickr.com\/photos\/oskarochjosefin\/5430888432\/\" title=\"V\u00e4ndning\"><img decoding=\"async\" src=\"http:\/\/farm6.static.flickr.com\/5059\/5430888432_0729301525.jpg\" alt=\"V\u00e4ndning\" \/><\/a><\/center><\/p>\n<p>Ig\u00e5r fick vi tillslut en tid p\u00e5 v\u00e5rdcentralen. Vi fick dock v\u00e4nta till idag med bes\u00f6ket och det har visats sig att det inte \u00e4r det l\u00e4ttaste att f\u00e5 bes\u00f6ka v\u00e5rden i Visby.<\/p>\n<p>11:30 var vi p\u00e5 plats med en Gusten som knappt kunde h\u00e5lla sig vaken. L\u00e4karen tittade p\u00e5 honom lite och n\u00e4r hon kom till h\u00f6ger \u00f6ra stod det klart &#8211; \u00f6roninflammation. Vi fick v\u00e4lja p\u00e5 flytande eller fast penicillin och efter l\u00e4karens rekommendation valde vi piller. Vi vet ju att flytande \u00e4r n\u00e4stan om\u00f6jligt med Gusten men efter ett f\u00f6rsta f\u00f6rs\u00f6k med piller har det visat sig minst lika sv\u00e5rt. Jaja, fem dagars kamp ska vi nog klara av och det viktigaste av allt &#8211; Gusten blir snart b\u00e4ttre!<\/p>\n<p>Och som en bonus fick hela familjen (eftersom vi \u00e5kte allihopa) tr\u00e4ffa v\u00e5r husl\u00e4kare. Hon var j\u00e4ttetrevlig och jobbade snabbt s\u00e5 det k\u00e4nns som ett bra val. \ud83d\ude42<\/p>\n<div style=\"text-align: right;\">\n<p><small>Postat direkt via <a href=\"http:\/\/www.flickr.com\/photos\/oskarochjosefin\/\">flickr<\/a>. Ni hittar fler av v\u00e5ra foton p\u00e5 l\u00e4nken. Klicka p\u00e5 bilden f\u00f6r fler storlekar.<\/small><\/p>\n<\/div>\n","protected":false},"excerpt":{"rendered":"<p>Ig\u00e5r fick vi tillslut en tid p\u00e5 v\u00e5rdcentralen. Vi fick dock v\u00e4nta till idag med bes\u00f6ket och det har visats sig att det inte \u00e4r det l\u00e4ttaste att f\u00e5 bes\u00f6ka v\u00e5rden i Visby. 11:30 var vi p\u00e5 plats med en Gusten som knappt kunde h\u00e5lla sig vaken. L\u00e4karen tittade p\u00e5 honom lite och n\u00e4r hon &hellip; <a href=\"https:\/\/oskarochjosefin.se\/index.php\/2011\/02\/09\/vandning\/\" class=\"more-link\">Forts\u00e4tt l\u00e4sa <span class=\"screen-reader-text\">V\u00e4ndning<\/span> <span class=\"meta-nav\">&rarr;<\/span><\/a><\/p>\n","protected":false},"author":2,"featured_media":0,"comment_status":"open","ping_status":"open","sticky":false,"template":"","format":"standard","meta":{"footnotes":""},"categories":[3],"tags":[],"class_list":["post-3007","post","type-post","status-publish","format-standard","hentry","category-oskar"],"_links":{"self":[{"href":"https:\/\/oskarochjosefin.se\/index.php\/wp-json\/wp\/v2\/posts\/3007","targetHints":{"allow":["GET"]}}],"collection":[{"href":"https:\/\/oskarochjosefin.se\/index.php\/wp-json\/wp\/v2\/posts"}],"about":[{"href":"https:\/\/oskarochjosefin.se\/index.php\/wp-json\/wp\/v2\/types\/post"}],"author":[{"embeddable":true,"href":"https:\/\/oskarochjosefin.se\/index.php\/wp-json\/wp\/v2\/users\/2"}],"replies":[{"embeddable":true,"href":"https:\/\/oskarochjosefin.se\/index.php\/wp-json\/wp\/v2\/comments?post=3007"}],"version-history":[{"count":0,"href":"https:\/\/oskarochjosefin.se\/index.php\/wp-json\/wp\/v2\/posts\/3007\/revisions"}],"wp:attachment":[{"href":"https:\/\/oskarochjosefin.se\/index.php\/wp-json\/wp\/v2\/media?parent=3007"}],"wp:term":[{"taxonomy":"category","embeddable":true,"href":"https:\/\/oskarochjosefin.se\/index.php\/wp-json\/wp\/v2\/categories?post=3007"},{"taxonomy":"post_tag","embeddable":true,"href":"https:\/\/oskarochjosefin.se\/index.php\/wp-json\/wp\/v2\/tags?post=3007"}],"curies":[{"name":"wp","href":"https:\/\/api.w.org\/{rel}","templated":true}]}}