{"id":3248,"date":"2011-06-12T22:45:33","date_gmt":"2011-06-12T20:45:33","guid":{"rendered":"http:\/\/oskarochjosefin.se\/?p=3248"},"modified":"2011-07-27T21:56:05","modified_gmt":"2011-07-27T19:56:05","slug":"julie-gar-och-ett-extra-fodelsedagsfirande","status":"publish","type":"post","link":"https:\/\/oskarochjosefin.se\/index.php\/2011\/06\/12\/julie-gar-och-ett-extra-fodelsedagsfirande\/","title":{"rendered":"Julie g\u00e5r! Och ett extra f\u00f6delsedagsfirande!"},"content":{"rendered":"<p style=\"text-align: left;\">Ja, den stora nyheten de senaste dagarna f\u00f6r oss har varit att Julie har b\u00f6rjat g\u00e5. Sakta men s\u00e4kert s\u00e5 har hon b\u00f6rjat st\u00e5 sj\u00e4lv, inte p\u00e5 eget bev\u00e5g, l\u00e5nga stunder. Och har man d\u00e5 n\u00e5got att locka henne med, som en storebror, en leksak, fj\u00e4rrkontroll eller dylikt s\u00e5 knatar hon p\u00e5 och tultar fram. Underbart s\u00f6tt och roligt! S\u00e5 idag n\u00e4r vi videochattade med mormor och morfar s\u00e5 visade hon upp sina skills och tog kanske 10 steg totalt i rad. Wow! S\u00e5 detta datum blir officiellt g\u00e5-datum f\u00f6r Julie. 1 \u00e5r och 9 dagar blir \u00e5ldern n\u00e4r hon b\u00f6rjade g\u00e5. H\u00e4rligt! Film kommer snart! Men tills dess s\u00e5 lite stillbilder \ud83d\ude42<\/p>\n<p style=\"text-align: center;\"><img decoding=\"async\" src=\"http:\/\/farm7.static.flickr.com\/6134\/5966943508_b67ed0f881_s.jpg\" alt=\"IMG_0463\" \/><img decoding=\"async\" src=\"http:\/\/farm7.static.flickr.com\/6134\/5966943508_b67ed0f881.jpg\" alt=\"IMG_0463\" \/><img decoding=\"async\" src=\"http:\/\/farm7.static.flickr.com\/6013\/5966944018_370619c7c8.jpg\" alt=\"IMG_0464\" \/><img decoding=\"async\" src=\"http:\/\/farm7.static.flickr.com\/6134\/5966946304_80d43992e1.jpg\" alt=\"IMG_0468\" \/><\/p>\n<p style=\"text-align: left;\">Idag firade vi lite f\u00f6delsedag med Oskars f\u00f6r\u00e4ldrar och bror. Egentligen hade vi bjudit in lite fler men imorse n\u00e4r det \u00f6sregnade s\u00e5 k\u00e4ndes det inte s\u00e5 kul med kalas utomhus. Typiskt nog s\u00e5 blev det str\u00e5lande v\u00e4der efter att vi st\u00e4llt in det. Men men, s\u00e5 d\u00e4r det ibland och vi hade det supermysigt med farmor, farfar och farbror Fredrik! Och massa presenter, t\u00e5rta och sedan middag med f\u00e4rskpotatis, sparris, r\u00f6dbetor, mor\u00f6tter, fl\u00e4skytterfil\u00e9 och halloumi. Julie mumsade p\u00e5 potatis, k\u00f6tt och mor\u00f6tter. Stora tjejen!<\/p>\n<p style=\"text-align: center;\"><img decoding=\"async\" src=\"http:\/\/farm7.static.flickr.com\/6148\/5966929546_b1c23725b0.jpg\" alt=\"IMG_0078\" \/><\/p>\n<p style=\"text-align: center;\">T\u00e5rta, bulle och jordgubbar! En bra mix!<\/p>\n<p style=\"text-align: center;\"><img decoding=\"async\" src=\"http:\/\/farm7.static.flickr.com\/6126\/5966927508_10aec150bf.jpg\" alt=\"IMG_0038\" \/><\/p>\n<p style=\"text-align: center;\">Och till t\u00e5rta beh\u00f6vs det saft som Anneli fixade.<\/p>\n<p style=\"text-align: center;\"><img decoding=\"async\" src=\"http:\/\/farm7.static.flickr.com\/6007\/5966371785_154da92d8b.jpg\" alt=\"IMG_0058\" \/><\/p>\n<p style=\"text-align: center;\">Gusten och godsakerna<\/p>\n<p style=\"text-align: center;\"><img decoding=\"async\" src=\"http:\/\/farm7.static.flickr.com\/6142\/5966931292_ae7dd3dbcb.jpg\" alt=\"IMG_0098\" \/><\/p>\n<p style=\"text-align: center;\">Julie fick smaka lite t\u00e5rta (dock ej vaniljkr\u00e4m, sylt och marsipan f\u00f6r det \u00e5t mamma upp!)<\/p>\n<p style=\"text-align: center;\"><img decoding=\"async\" src=\"http:\/\/farm7.static.flickr.com\/6026\/5966931930_2631be74b6.jpg\" alt=\"IMG_0120\" \/><\/p>\n<p style=\"text-align: center;\">Sylve drar iv\u00e4g med paketen<\/p>\n<p style=\"text-align: center;\"><img decoding=\"async\" src=\"http:\/\/farm7.static.flickr.com\/6030\/5966932596_b20e44889b.jpg\" alt=\"IMG_0143\" \/><\/p>\n<p style=\"text-align: center;\">Gusten tyckte det var s\u00e5 sp\u00e4nnande med paket&#8230;<\/p>\n<p style=\"text-align: center;\"><img decoding=\"async\" src=\"http:\/\/farm7.static.flickr.com\/6143\/5966377459_ba1a301222.jpg\" alt=\"IMG_0191\" \/><\/p>\n<p style=\"text-align: center;\">Farmor hj\u00e4lpte Julie att \u00f6ppna hon ocks\u00e5<\/p>\n<p style=\"text-align: center;\"><img decoding=\"async\" src=\"http:\/\/farm7.static.flickr.com\/6134\/5966378799_88cdcbae3d.jpg\" alt=\"IMG_0261\" \/><\/p>\n<p style=\"text-align: center;\">Gusten och Julie i den fina skrindan Julie fick i present.<\/p>\n<p style=\"text-align: center;\"><img decoding=\"async\" src=\"http:\/\/farm7.static.flickr.com\/6147\/5966384949_438b85bbc0.jpg\" alt=\"IMG_0398\" \/><\/p>\n<p style=\"text-align: center;\">Julie fick ocks\u00e5 en gul bil som var intressant f\u00f6r b\u00e5da barnen<\/p>\n<p style=\"text-align: center;\"><img decoding=\"async\" src=\"http:\/\/farm7.static.flickr.com\/6024\/5966939656_95484fb558.jpg\" alt=\"IMG_0367\" \/><\/p>\n<p style=\"text-align: center;\">Julie puttar p\u00e5..<\/p>\n<p style=\"text-align: center;\"><img decoding=\"async\" src=\"http:\/\/farm7.static.flickr.com\/6143\/5966382711_3f5d0f4b5b.jpg\" alt=\"IMG_0318\" \/><\/p>\n<p style=\"text-align: center;\">Gusten gick inte paketl\u00f6s han heller &#8211; en helikopter med b\u00e5t och haj fanns det i hans paket.<\/p>\n","protected":false},"excerpt":{"rendered":"<p>Ja, den stora nyheten de senaste dagarna f\u00f6r oss har varit att Julie har b\u00f6rjat g\u00e5. Sakta men s\u00e4kert s\u00e5 har hon b\u00f6rjat st\u00e5 sj\u00e4lv, inte p\u00e5 eget bev\u00e5g, l\u00e5nga stunder. Och har man d\u00e5 n\u00e5got att locka henne med, som en storebror, en leksak, fj\u00e4rrkontroll eller dylikt s\u00e5 knatar hon p\u00e5 och tultar fram. &hellip; <a href=\"https:\/\/oskarochjosefin.se\/index.php\/2011\/06\/12\/julie-gar-och-ett-extra-fodelsedagsfirande\/\" class=\"more-link\">Forts\u00e4tt l\u00e4sa <span class=\"screen-reader-text\">Julie g\u00e5r! Och ett extra f\u00f6delsedagsfirande!<\/span> <span class=\"meta-nav\">&rarr;<\/span><\/a><\/p>\n","protected":false},"author":2,"featured_media":0,"comment_status":"open","ping_status":"open","sticky":false,"template":"","format":"standard","meta":{"footnotes":""},"categories":[4],"tags":[1169,626,625,508,610,160,635,558,59,752,1013,1173,858,619,259],"class_list":["post-3248","post","type-post","status-publish","format-standard","hentry","category-josefin","tag-1-ar","tag-farbror","tag-farfar","tag-farmor","tag-fira","tag-fredrik","tag-fylla-ar","tag-ga","tag-gotland","tag-gott","tag-julie","tag-lara-sig-ga","tag-presenter","tag-tarta","tag-utveckling"],"_links":{"self":[{"href":"https:\/\/oskarochjosefin.se\/index.php\/wp-json\/wp\/v2\/posts\/3248","targetHints":{"allow":["GET"]}}],"collection":[{"href":"https:\/\/oskarochjosefin.se\/index.php\/wp-json\/wp\/v2\/posts"}],"about":[{"href":"https:\/\/oskarochjosefin.se\/index.php\/wp-json\/wp\/v2\/types\/post"}],"author":[{"embeddable":true,"href":"https:\/\/oskarochjosefin.se\/index.php\/wp-json\/wp\/v2\/users\/2"}],"replies":[{"embeddable":true,"href":"https:\/\/oskarochjosefin.se\/index.php\/wp-json\/wp\/v2\/comments?post=3248"}],"version-history":[{"count":8,"href":"https:\/\/oskarochjosefin.se\/index.php\/wp-json\/wp\/v2\/posts\/3248\/revisions"}],"predecessor-version":[{"id":3251,"href":"https:\/\/oskarochjosefin.se\/index.php\/wp-json\/wp\/v2\/posts\/3248\/revisions\/3251"}],"wp:attachment":[{"href":"https:\/\/oskarochjosefin.se\/index.php\/wp-json\/wp\/v2\/media?parent=3248"}],"wp:term":[{"taxonomy":"category","embeddable":true,"href":"https:\/\/oskarochjosefin.se\/index.php\/wp-json\/wp\/v2\/categories?post=3248"},{"taxonomy":"post_tag","embeddable":true,"href":"https:\/\/oskarochjosefin.se\/index.php\/wp-json\/wp\/v2\/tags?post=3248"}],"curies":[{"name":"wp","href":"https:\/\/api.w.org\/{rel}","templated":true}]}}