{"id":325,"date":"2008-01-19T21:27:00","date_gmt":"2008-01-19T20:27:00","guid":{"rendered":"http:\/\/oskarochjosefin.se\/index.php\/2008\/01\/19\/formex-dag-1\/"},"modified":"2008-01-19T23:07:00","modified_gmt":"2008-01-19T22:07:00","slug":"formex-dag-1","status":"publish","type":"post","link":"https:\/\/oskarochjosefin.se\/index.php\/2008\/01\/19\/formex-dag-1\/","title":{"rendered":"Formex &#8211; dag 1"},"content":{"rendered":"<p>Det h\u00e4r b\u00f6rjar bli ett v\u00e4lkommet tema &#8211; bloggande fr\u00e5n en hotells\u00e4ng. \ud83d\ude00<\/p>\n<p>Dag ett av m\u00e4ssan \u00e4r avklarad. Dagen b\u00f6rjade dock med lite tr\u00e5kiga nyheter. Vi v\u00e4cktes av ett telefonsamtal vid halv \u00e5tta. Det var mamma som meddelade att hon och Fredrik inte skulle klara av att ta sig till fastlandet d\u00e5 det stormade riktigt ordentligt. Det var ju riktigt tr\u00e5kigt d\u00e5 vi hade sett fram emot att tr\u00e4ffa dem b\u00e5da. K\u00f6rschemat f\u00f6r hela helgen f\u00f6r\u00e4ndrades ocks\u00e5 n\u00e5got d\u00e5 mamma \u00e4r den med b\u00e4st m\u00e4sskoll. Fast jag och Josi har ju varit med n\u00e5gra g\u00e5nger nu s\u00e5 vi s\u00e5g det som en liten utmaning att inte bara vara trendspanare och \u00e5siktsmaskiner utan \u00e4ven knyta lite nya kontakter och prata med befintliga leverant\u00f6rer.<\/p>\n<p>Hur som helst har allt g\u00e5tt j\u00e4ttebra. Vi har hittat en hel del fina saker och samtidigt \u00e4tit gott (tacobuff\u00e9) och blivit inspirerade av duktiga utst\u00e4llare. Nu befinner vi oss p\u00e5 det andra hotellet p\u00e5 tv\u00e5 dagar. Ett ganska mysigt st\u00e4lle bara ett stenkast fr\u00e5n m\u00e4ssan. Lite skum omgivning och ov\u00e4lkomnande lobby men det \u00e4r ett fint rum och f\u00f6r 80:- har vi internet igen. Sweet!<\/p>\n<p>Nu ska vi vila ut oss ordentligt f\u00f6r en liknande dag imorgon. Tror dock inte att frukosten h\u00e4r kan m\u00e4ta sig med Malmens frukost i morse. S\u00e5 gott!<\/p>\n<p>Vi h\u00f6rs!<\/p>\n","protected":false},"excerpt":{"rendered":"<p>Det h\u00e4r b\u00f6rjar bli ett v\u00e4lkommet tema &#8211; bloggande fr\u00e5n en hotells\u00e4ng. \ud83d\ude00 Dag ett av m\u00e4ssan \u00e4r avklarad. Dagen b\u00f6rjade dock med lite tr\u00e5kiga nyheter. Vi v\u00e4cktes av ett telefonsamtal vid halv \u00e5tta. Det var mamma som meddelade att hon och Fredrik inte skulle klara av att ta sig till fastlandet d\u00e5 det stormade &hellip; <a href=\"https:\/\/oskarochjosefin.se\/index.php\/2008\/01\/19\/formex-dag-1\/\" class=\"more-link\">Forts\u00e4tt l\u00e4sa <span class=\"screen-reader-text\">Formex &#8211; dag 1<\/span> <span class=\"meta-nav\">&rarr;<\/span><\/a><\/p>\n","protected":false},"author":2,"featured_media":0,"comment_status":"open","ping_status":"open","sticky":false,"template":"","format":"standard","meta":{"footnotes":""},"categories":[3],"tags":[],"class_list":["post-325","post","type-post","status-publish","format-standard","hentry","category-oskar"],"_links":{"self":[{"href":"https:\/\/oskarochjosefin.se\/index.php\/wp-json\/wp\/v2\/posts\/325","targetHints":{"allow":["GET"]}}],"collection":[{"href":"https:\/\/oskarochjosefin.se\/index.php\/wp-json\/wp\/v2\/posts"}],"about":[{"href":"https:\/\/oskarochjosefin.se\/index.php\/wp-json\/wp\/v2\/types\/post"}],"author":[{"embeddable":true,"href":"https:\/\/oskarochjosefin.se\/index.php\/wp-json\/wp\/v2\/users\/2"}],"replies":[{"embeddable":true,"href":"https:\/\/oskarochjosefin.se\/index.php\/wp-json\/wp\/v2\/comments?post=325"}],"version-history":[{"count":0,"href":"https:\/\/oskarochjosefin.se\/index.php\/wp-json\/wp\/v2\/posts\/325\/revisions"}],"wp:attachment":[{"href":"https:\/\/oskarochjosefin.se\/index.php\/wp-json\/wp\/v2\/media?parent=325"}],"wp:term":[{"taxonomy":"category","embeddable":true,"href":"https:\/\/oskarochjosefin.se\/index.php\/wp-json\/wp\/v2\/categories?post=325"},{"taxonomy":"post_tag","embeddable":true,"href":"https:\/\/oskarochjosefin.se\/index.php\/wp-json\/wp\/v2\/tags?post=325"}],"curies":[{"name":"wp","href":"https:\/\/api.w.org\/{rel}","templated":true}]}}