{"id":3287,"date":"2011-07-15T20:51:46","date_gmt":"2011-07-15T18:51:46","guid":{"rendered":"http:\/\/oskarochjosefin.se\/index.php\/2011\/07\/15\/grattis-gusten-3-ar\/"},"modified":"2011-07-15T20:51:46","modified_gmt":"2011-07-15T18:51:46","slug":"grattis-gusten-3-ar","status":"publish","type":"post","link":"https:\/\/oskarochjosefin.se\/index.php\/2011\/07\/15\/grattis-gusten-3-ar\/","title":{"rendered":"Grattis Gusten 3 \u00e5r!"},"content":{"rendered":"<p><center><a href=\"http:\/\/www.flickr.com\/photos\/oskarochjosefin\/5940384449\/\" title=\"Grattis Gusten 3 \u00e5r!\"><img decoding=\"async\" src=\"http:\/\/farm7.static.flickr.com\/6135\/5940384449_86969c3ca8.jpg\" alt=\"Grattis Gusten 3 \u00e5r!\" \/><\/a><\/center><\/p>\n<p>Idag fyller v\u00e4rldens b\u00e4sta Gusten tre \u00e5r! Vi har firat hela dagen och hade ett toppenkalas med sl\u00e4kt och familj. Det enda som fattades fr\u00e5n en perfekt tillst\u00e4llning var s\u00e5 klart mormor och morfar. Men vi ses ju snart i Lund.<\/p>\n<p>Stort tack till alla som kom och firade och skickade h\u00e4lsningar!<\/p>\n<p>Bilder fr\u00e5n dagen kommer inom kort. Och \u00e4ven fler bilder fr\u00e5n de fantastiska dagarna med Maria och \u00c5ke. Tack f\u00f6r att ni kom och h\u00e4lsade p\u00e5 och ville fira med oss!<\/p>\n<div style=\"text-align: right;\">\n<p><small>Postat direkt via <a href=\"http:\/\/www.flickr.com\/photos\/oskarochjosefin\/\">flickr<\/a>. Ni hittar fler av v\u00e5ra foton p\u00e5 l\u00e4nken. Klicka p\u00e5 bilden f\u00f6r fler storlekar.<\/small><\/p>\n<\/div>\n","protected":false},"excerpt":{"rendered":"<p>Idag fyller v\u00e4rldens b\u00e4sta Gusten tre \u00e5r! Vi har firat hela dagen och hade ett toppenkalas med sl\u00e4kt och familj. Det enda som fattades fr\u00e5n en perfekt tillst\u00e4llning var s\u00e5 klart mormor och morfar. Men vi ses ju snart i Lund. Stort tack till alla som kom och firade och skickade h\u00e4lsningar! Bilder fr\u00e5n dagen &hellip; <a href=\"https:\/\/oskarochjosefin.se\/index.php\/2011\/07\/15\/grattis-gusten-3-ar\/\" class=\"more-link\">Forts\u00e4tt l\u00e4sa <span class=\"screen-reader-text\">Grattis Gusten 3 \u00e5r!<\/span> <span class=\"meta-nav\">&rarr;<\/span><\/a><\/p>\n","protected":false},"author":2,"featured_media":0,"comment_status":"open","ping_status":"open","sticky":false,"template":"","format":"standard","meta":{"footnotes":""},"categories":[3],"tags":[],"class_list":["post-3287","post","type-post","status-publish","format-standard","hentry","category-oskar"],"_links":{"self":[{"href":"https:\/\/oskarochjosefin.se\/index.php\/wp-json\/wp\/v2\/posts\/3287","targetHints":{"allow":["GET"]}}],"collection":[{"href":"https:\/\/oskarochjosefin.se\/index.php\/wp-json\/wp\/v2\/posts"}],"about":[{"href":"https:\/\/oskarochjosefin.se\/index.php\/wp-json\/wp\/v2\/types\/post"}],"author":[{"embeddable":true,"href":"https:\/\/oskarochjosefin.se\/index.php\/wp-json\/wp\/v2\/users\/2"}],"replies":[{"embeddable":true,"href":"https:\/\/oskarochjosefin.se\/index.php\/wp-json\/wp\/v2\/comments?post=3287"}],"version-history":[{"count":0,"href":"https:\/\/oskarochjosefin.se\/index.php\/wp-json\/wp\/v2\/posts\/3287\/revisions"}],"wp:attachment":[{"href":"https:\/\/oskarochjosefin.se\/index.php\/wp-json\/wp\/v2\/media?parent=3287"}],"wp:term":[{"taxonomy":"category","embeddable":true,"href":"https:\/\/oskarochjosefin.se\/index.php\/wp-json\/wp\/v2\/categories?post=3287"},{"taxonomy":"post_tag","embeddable":true,"href":"https:\/\/oskarochjosefin.se\/index.php\/wp-json\/wp\/v2\/tags?post=3287"}],"curies":[{"name":"wp","href":"https:\/\/api.w.org\/{rel}","templated":true}]}}