{"id":3374,"date":"2011-11-07T20:31:07","date_gmt":"2011-11-07T18:31:07","guid":{"rendered":"http:\/\/oskarochjosefin.se\/index.php\/2011\/11\/07\/dagisfoto\/"},"modified":"2011-11-07T20:33:57","modified_gmt":"2011-11-07T18:33:57","slug":"dagisfoto","status":"publish","type":"post","link":"https:\/\/oskarochjosefin.se\/index.php\/2011\/11\/07\/dagisfoto\/","title":{"rendered":"Dagisfoto"},"content":{"rendered":"<p>Idag kom \u00e4ntligen de efterl\u00e4ngtade fotona fr\u00e5n Gustens dagis. Vi har redan f\u00e5tt en f\u00f6rsmak n\u00e4r vi valde ut bilderna p\u00e5 n\u00e4tet innan framkallning. Men det \u00e4r lite extra magiskt att h\u00e5lla lillkillens andra omg\u00e5ng dagisfoton i handen. Det \u00e4r s\u00e5 mycket barndom \u00f6ver foton i detta format. Vi valde att framkalla b\u00e5da ensambilderna p\u00e5 Gusten och sj\u00e4lvklart \u00e4ven gruppfotot.<\/p>\n<p style=\"text-align: center;\"><a href=\"https:\/\/oskarochjosefin.se\/wp-content\/uploads\/2011\/11\/20111107-1922501.jpg\"><img loading=\"lazy\" decoding=\"async\" class=\"size-full aligncenter\" src=\"https:\/\/oskarochjosefin.se\/wp-content\/uploads\/2011\/11\/20111107-1922501.jpg\" alt=\"20111107-192250.jpg\" width=\"360\" height=\"481\" \/><\/a><\/p>\n<p style=\"text-align: center;\"><a href=\"https:\/\/oskarochjosefin.se\/wp-content\/uploads\/2011\/11\/20111107-1926391.jpg\"><img loading=\"lazy\" decoding=\"async\" class=\"size-full aligncenter\" src=\"https:\/\/oskarochjosefin.se\/wp-content\/uploads\/2011\/11\/20111107-1926391.jpg\" alt=\"20111107-192639.jpg\" width=\"384\" height=\"512\" \/><\/a><\/p>\n<p style=\"text-align: center;\">\n<p style=\"text-align: center;\">(Obs! Detta \u00e4r foton av foton.)<\/p>\n<p>Det kom \u00e4ven andra kort p\u00e5 posten idag &#8211; vykort fr\u00e5n mormor och morfar! Ett till Julie (med b\u00e5tar) och ett till Gusten (med flygplan). B\u00e5da barnen blev mycket glada!<\/p>\n<p style=\"text-align: center;\"><a href=\"https:\/\/oskarochjosefin.se\/wp-content\/uploads\/2011\/11\/20111107-192859.jpg\"><img loading=\"lazy\" decoding=\"async\" class=\"size-full aligncenter\" src=\"https:\/\/oskarochjosefin.se\/wp-content\/uploads\/2011\/11\/20111107-192859.jpg\" alt=\"20111107-192859.jpg\" width=\"448\" height=\"336\" \/><\/a><\/p>\n","protected":false},"excerpt":{"rendered":"<p>Idag kom \u00e4ntligen de efterl\u00e4ngtade fotona fr\u00e5n Gustens dagis. Vi har redan f\u00e5tt en f\u00f6rsmak n\u00e4r vi valde ut bilderna p\u00e5 n\u00e4tet innan framkallning. Men det \u00e4r lite extra magiskt att h\u00e5lla lillkillens andra omg\u00e5ng dagisfoton i handen. Det \u00e4r s\u00e5 mycket barndom \u00f6ver foton i detta format. Vi valde att framkalla b\u00e5da ensambilderna p\u00e5 &hellip; <a href=\"https:\/\/oskarochjosefin.se\/index.php\/2011\/11\/07\/dagisfoto\/\" class=\"more-link\">Forts\u00e4tt l\u00e4sa <span class=\"screen-reader-text\">Dagisfoto<\/span> <span class=\"meta-nav\">&rarr;<\/span><\/a><\/p>\n","protected":false},"author":2,"featured_media":0,"comment_status":"open","ping_status":"open","sticky":false,"template":"","format":"standard","meta":{"footnotes":""},"categories":[4,3],"tags":[1203,633,170,116,1204],"class_list":["post-3374","post","type-post","status-publish","format-standard","hentry","category-josefin","category-oskar","tag-dagisfoton","tag-foton","tag-morfar","tag-mormor","tag-vykort"],"_links":{"self":[{"href":"https:\/\/oskarochjosefin.se\/index.php\/wp-json\/wp\/v2\/posts\/3374","targetHints":{"allow":["GET"]}}],"collection":[{"href":"https:\/\/oskarochjosefin.se\/index.php\/wp-json\/wp\/v2\/posts"}],"about":[{"href":"https:\/\/oskarochjosefin.se\/index.php\/wp-json\/wp\/v2\/types\/post"}],"author":[{"embeddable":true,"href":"https:\/\/oskarochjosefin.se\/index.php\/wp-json\/wp\/v2\/users\/2"}],"replies":[{"embeddable":true,"href":"https:\/\/oskarochjosefin.se\/index.php\/wp-json\/wp\/v2\/comments?post=3374"}],"version-history":[{"count":2,"href":"https:\/\/oskarochjosefin.se\/index.php\/wp-json\/wp\/v2\/posts\/3374\/revisions"}],"predecessor-version":[{"id":3375,"href":"https:\/\/oskarochjosefin.se\/index.php\/wp-json\/wp\/v2\/posts\/3374\/revisions\/3375"}],"wp:attachment":[{"href":"https:\/\/oskarochjosefin.se\/index.php\/wp-json\/wp\/v2\/media?parent=3374"}],"wp:term":[{"taxonomy":"category","embeddable":true,"href":"https:\/\/oskarochjosefin.se\/index.php\/wp-json\/wp\/v2\/categories?post=3374"},{"taxonomy":"post_tag","embeddable":true,"href":"https:\/\/oskarochjosefin.se\/index.php\/wp-json\/wp\/v2\/tags?post=3374"}],"curies":[{"name":"wp","href":"https:\/\/api.w.org\/{rel}","templated":true}]}}