{"id":3571,"date":"2012-07-15T07:40:39","date_gmt":"2012-07-15T06:40:39","guid":{"rendered":"http:\/\/oskarochjosefin.se\/?p=3571"},"modified":"2012-07-15T07:40:39","modified_gmt":"2012-07-15T06:40:39","slug":"fyra-ar-med-min-son","status":"publish","type":"post","link":"https:\/\/oskarochjosefin.se\/index.php\/2012\/07\/15\/fyra-ar-med-min-son\/","title":{"rendered":"Fyra \u00e5r med min son"},"content":{"rendered":"<p><center><a href=\"http:\/\/www.flickr.com\/photos\/oskarochjosefin\/7572821610\/\" title=\"Fyra \u00e5r med min son\"><img decoding=\"async\" src=\"http:\/\/farm9.staticflickr.com\/8019\/7572821610_d49fb7e56b.jpg\" alt=\"Fyra \u00e5r med min son\" \/><\/a><\/center><\/p>\n<p>Idag f\u00f6r fyra \u00e5r sedan satt jag och halvsov i en f\u00e5t\u00f6lj p\u00e5 Lunds KK. Jag hade v\u00e4xtv\u00e4rk i br\u00f6stet och min nyf\u00f6dda son i famnen. Hj\u00e4rtat hade vuxit sig f\u00f6r stort f\u00f6r min kropp. Det skavde och var lite ovant till en b\u00f6rjan, men det dr\u00f6jde inte l\u00e4nge innan papparollen och min nyfunna mening med livet gjorde att jag v\u00e4xte som m\u00e4nniska. Hj\u00e4rtat passade perfekt precis som alla andra pusselbitar kring Gusten. Tv\u00e5 \u00e5r senare v\u00e4rkte det till ordentligt igen n\u00e4r Julies blick m\u00f6tte min, men precis som tidigare v\u00e4xte jag ikapp mitt hj\u00e4rta och nu kan det sl\u00e5 s\u00e5 h\u00e5rt f\u00f6r mina barn att grannarna klagar.<\/p>\n<p>Tack Gusten f\u00f6r att du \u00e4r v\u00e4rldens b\u00e4sta son och v\u00e4rldens finaste och mest retsamma storebror \u00e5t Julie. Det hade inte varit v\u00e4rt det utan dig och din syster, det vet ni va?<\/p>\n<p>Grattis p\u00e5 f\u00f6delsedagen ocks\u00e5!<\/p>\n<p>\/pappa<\/p>\n<div style=\"text-align: right;\">\n<p><small>Postat direkt via <a href=\"http:\/\/www.flickr.com\/photos\/oskarochjosefin\/\">flickr<\/a>. Ni hittar fler av v\u00e5ra foton p\u00e5 l\u00e4nken. Klicka p\u00e5 bilden f\u00f6r fler storlekar.<\/small><\/p>\n<\/div>\n","protected":false},"excerpt":{"rendered":"<p>Idag f\u00f6r fyra \u00e5r sedan satt jag och halvsov i en f\u00e5t\u00f6lj p\u00e5 Lunds KK. Jag hade v\u00e4xtv\u00e4rk i br\u00f6stet och min nyf\u00f6dda son i famnen. Hj\u00e4rtat hade vuxit sig f\u00f6r stort f\u00f6r min kropp. Det skavde och var lite ovant till en b\u00f6rjan, men det dr\u00f6jde inte l\u00e4nge innan papparollen och min nyfunna mening &hellip; <a href=\"https:\/\/oskarochjosefin.se\/index.php\/2012\/07\/15\/fyra-ar-med-min-son\/\" class=\"more-link\">Forts\u00e4tt l\u00e4sa <span class=\"screen-reader-text\">Fyra \u00e5r med min son<\/span> <span class=\"meta-nav\">&rarr;<\/span><\/a><\/p>\n","protected":false},"author":2,"featured_media":0,"comment_status":"open","ping_status":"open","sticky":false,"template":"","format":"standard","meta":{"footnotes":""},"categories":[3],"tags":[],"class_list":["post-3571","post","type-post","status-publish","format-standard","hentry","category-oskar"],"_links":{"self":[{"href":"https:\/\/oskarochjosefin.se\/index.php\/wp-json\/wp\/v2\/posts\/3571","targetHints":{"allow":["GET"]}}],"collection":[{"href":"https:\/\/oskarochjosefin.se\/index.php\/wp-json\/wp\/v2\/posts"}],"about":[{"href":"https:\/\/oskarochjosefin.se\/index.php\/wp-json\/wp\/v2\/types\/post"}],"author":[{"embeddable":true,"href":"https:\/\/oskarochjosefin.se\/index.php\/wp-json\/wp\/v2\/users\/2"}],"replies":[{"embeddable":true,"href":"https:\/\/oskarochjosefin.se\/index.php\/wp-json\/wp\/v2\/comments?post=3571"}],"version-history":[{"count":1,"href":"https:\/\/oskarochjosefin.se\/index.php\/wp-json\/wp\/v2\/posts\/3571\/revisions"}],"predecessor-version":[{"id":3572,"href":"https:\/\/oskarochjosefin.se\/index.php\/wp-json\/wp\/v2\/posts\/3571\/revisions\/3572"}],"wp:attachment":[{"href":"https:\/\/oskarochjosefin.se\/index.php\/wp-json\/wp\/v2\/media?parent=3571"}],"wp:term":[{"taxonomy":"category","embeddable":true,"href":"https:\/\/oskarochjosefin.se\/index.php\/wp-json\/wp\/v2\/categories?post=3571"},{"taxonomy":"post_tag","embeddable":true,"href":"https:\/\/oskarochjosefin.se\/index.php\/wp-json\/wp\/v2\/tags?post=3571"}],"curies":[{"name":"wp","href":"https:\/\/api.w.org\/{rel}","templated":true}]}}