{"id":3590,"date":"2012-09-16T19:58:15","date_gmt":"2012-09-16T18:58:15","guid":{"rendered":"http:\/\/oskarochjosefin.se\/?p=3590"},"modified":"2012-09-16T19:58:15","modified_gmt":"2012-09-16T18:58:15","slug":"gusten-har-hunnit-fylla-fyra","status":"publish","type":"post","link":"https:\/\/oskarochjosefin.se\/index.php\/2012\/09\/16\/gusten-har-hunnit-fylla-fyra\/","title":{"rendered":"Gusten har hunnit fylla fyra!"},"content":{"rendered":"<p>Och s\u00e5 fyllde Gusten fyra. Nu \u00e4r det ett tag sedan.. men det har ju \u00e4nd\u00e5 h\u00e4nt! Den 15 juli blev v\u00e5ran underbara unge fyra hela \u00e5r. Helt otroligt vad tiden g\u00e5r och s\u00e5\u00e5 mycket man hinner med! Jag k\u00e4nner mig lyckligt lottad som \u00e4r en del av hans liv! K\u00e4nns verkligen h\u00e4ftigt.<\/p>\n<p>Dagen b\u00f6rjade med lite sk\u00f6ns\u00e5ng och fter det var det dags f\u00f6r paket\u00f6ppning! Det \u00e4r andra takter nu \u00e4n det var f\u00f6r n\u00e5gra \u00e5r sedan. Det g\u00e5r otroligt snabbt att \u00f6ppna paket &#8211; de rivs upp och kastas bort! Gusten b\u00f6rjade dagen med att f\u00e5 en Emilfilmbox och en Emilm\u00f6ssa! V\u00e4ldigt s\u00f6tt. Lite senare kom mormor, morfar, farmor och farfar med frukost och paket. Lite frukost fick han i sig (och vi vuxna fick massor:)) innan det var dags f\u00f6r fler paket. \u00c4ven Julie fick paket &#8211; f\u00f6r s\u00e5 ska det vara! <img decoding=\"async\" src=\"http:\/\/farm9.static.flickr.com\/8002\/7624865394_7caab2802e.jpg\" alt=\"Gusten 4 \u00e5r\" \/><img decoding=\"async\" src=\"http:\/\/farm9.static.flickr.com\/8148\/7624931258_34301fd024.jpg\" alt=\"Gusten 4 \u00e5r\" \/><\/p>\n<p><img decoding=\"async\" src=\"http:\/\/farm9.static.flickr.com\/8021\/7624827606_cb5f196137.jpg\" alt=\"Gusten 4 \u00e5r\" \/><\/p>\n<p>Mycket fint &#8211; lego, duplo, kl\u00e4der, prylar\u00a0 &#8211; ja allt m\u00f6jligt fick den lilla lyckliga fyra\u00e5ringen. Efter det s\u00e5 stannade Gusten och morfar p\u00e5 golvet och byggde lite storkille-lego medan de flesta andra \u00e5kte tillbaka till stan och passade Julie, lagade lunch och t\u00e5rtor samt fixade inf\u00f6r kalaset!<\/p>\n<p><img decoding=\"async\" src=\"http:\/\/farm9.static.flickr.com\/8429\/7624799746_26c62f591f.jpg\" alt=\"Gusten 4 \u00e5r\" \/><\/p>\n<p>&nbsp;<\/p>\n<p>F\u00f6r visst skulle det bli kalas! Det var lite mulet och vi h\u00f6ll alla tummar f\u00f6r att slippa regn! Och visst slapp vi! S\u00e5n tur! Vi f\u00f6rberedde ballonger och alla kakor och t\u00e5rtor som hade bakats till fyra\u00e5ringens \u00e4ra<\/p>\n<p>.<img decoding=\"async\" src=\"http:\/\/farm9.static.flickr.com\/8294\/7624770526_fe1efcc98f.jpg\" alt=\"Gusten 4 \u00e5r\" \/><img decoding=\"async\" src=\"http:\/\/farm8.static.flickr.com\/7127\/7624748386_101b302b88.jpg\" alt=\"Gusten 4 \u00e5r\" \/><img decoding=\"async\" src=\"http:\/\/farm9.static.flickr.com\/8163\/7624737826_09a2315b77.jpg\" alt=\"Gusten 4 \u00e5r\" \/><img decoding=\"async\" src=\"http:\/\/farm9.static.flickr.com\/8421\/7624950100_aec35973fa.jpg\" alt=\"Gusten 4 \u00e5r\" \/><\/p>\n<p>&nbsp;<\/p>\n<p>S\u00e5 h\u00e4r fint var det! Mums &#8211; blir ju sugen p\u00e5 det igen! Hihi!<\/p>\n<p>Sen b\u00f6rjade g\u00e4sterna komma och kalaset var i full g\u00e5ng. Gusten h\u00e4lsade alla v\u00e4lkomna och vi sj\u00f6ng f\u00f6r honom! Tuffingen!<img decoding=\"async\" src=\"http:\/\/farm9.static.flickr.com\/8430\/7624493656_c8f6b42034.jpg\" alt=\"Gusten 4 \u00e5r\" \/><img decoding=\"async\" src=\"http:\/\/farm8.static.flickr.com\/7254\/7624483872_3658294612.jpg\" alt=\"Gusten 4 \u00e5r\" \/><\/p>\n<p><img decoding=\"async\" src=\"http:\/\/farm8.static.flickr.com\/7135\/7624463994_bdafcc2371.jpg\" alt=\"Gusten 4 \u00e5r\" \/><\/p>\n<p><img decoding=\"async\" src=\"http:\/\/farm9.static.flickr.com\/8423\/7624265032_1856e6e306.jpg\" alt=\"Gusten 4 \u00e5r\" \/><img decoding=\"async\" src=\"http:\/\/farm9.static.flickr.com\/8023\/7624238118_c2fcc68711.jpg\" alt=\"Gusten 4 \u00e5r\" \/><\/p>\n<p>Kalaset var i full g\u00e5ng och allt gick bra!<img decoding=\"async\" src=\"http:\/\/farm9.static.flickr.com\/8147\/7624428372_3d97b2e569.jpg\" alt=\"Gusten 4 \u00e5r\" \/><img decoding=\"async\" src=\"http:\/\/farm9.static.flickr.com\/8020\/7624399562_c4b18bd43f.jpg\" alt=\"Gusten 4 \u00e5r\" \/><img decoding=\"async\" src=\"http:\/\/farm9.static.flickr.com\/8153\/7624960268_7e4b86e705.jpg\" alt=\"Gusten 4 \u00e5r\" \/><img decoding=\"async\" src=\"http:\/\/farm8.static.flickr.com\/7110\/7624348616_5451746c32.jpg\" alt=\"Gusten 4 \u00e5r\" \/><img decoding=\"async\" src=\"http:\/\/farm8.static.flickr.com\/7127\/7624196094_208166ed98.jpg\" alt=\"Gusten 4 \u00e5r\" \/><\/p>\n<p>Massa fina paket &#8211; bland annat en sparkcykel! Sen var det lite fiskdamm och mer kak\u00e4tning p\u00e5 schemat!<\/p>\n<p><img decoding=\"async\" src=\"http:\/\/farm9.static.flickr.com\/8001\/7624187314_f2e1875c11.jpg\" alt=\"Gusten 4 \u00e5r\" \/><img decoding=\"async\" src=\"http:\/\/farm8.static.flickr.com\/7272\/7624031096_2b224cb683.jpg\" alt=\"Gusten 4 \u00e5r\" \/><img decoding=\"async\" src=\"http:\/\/farm9.static.flickr.com\/8016\/7624215142_70b7c46d7d.jpg\" alt=\"Gusten 4 \u00e5r\" \/><img decoding=\"async\" src=\"http:\/\/farm9.static.flickr.com\/8021\/7624225104_012f14e1ff.jpg\" alt=\"Gusten 4 \u00e5r\" \/><\/p>\n<p>N\u00e4r g\u00e4sterna g\u00e5tt hem s\u00e5 var vi alla lite tr\u00f6tta och best\u00e4llde pizza! Och s\u00e5 var det lite fler paket som skulle \u00f6ppnas! D\u00e4r fanns bland annatkanske v\u00e4rldens st\u00f6rsta leksaksbrandbil! Gusten var helt j\u00e4tteglad!<\/p>\n<p><img decoding=\"async\" src=\"http:\/\/farm8.static.flickr.com\/7131\/7624135940_d3a0cb4685.jpg\" alt=\"Gusten 4 \u00e5r\" \/><img decoding=\"async\" src=\"http:\/\/farm9.static.flickr.com\/8287\/7624116698_7df7d033ea.jpg\" alt=\"Gusten 4 \u00e5r\" \/><img decoding=\"async\" src=\"http:\/\/farm8.static.flickr.com\/7246\/7624095592_419b9b522d.jpg\" alt=\"Gusten 4 \u00e5r\" \/><img decoding=\"async\" src=\"http:\/\/farm9.static.flickr.com\/8005\/7624085384_39d220e392.jpg\" alt=\"Gusten 4 \u00e5r\" \/><img decoding=\"async\" src=\"http:\/\/farm9.static.flickr.com\/8154\/7624050400_6673fc5793.jpg\" alt=\"Gusten 4 \u00e5r\" \/><\/p>\n<p>Tack allihopa som var med! Det var verkligen en fantastisk dag! Och sj\u00e4lv \u00e4r jag glad att jag \u00e4ntligen f\u00e5tt n\u00e5gra ord nedskrivna om den!<\/p>\n","protected":false},"excerpt":{"rendered":"<p>Och s\u00e5 fyllde Gusten fyra. Nu \u00e4r det ett tag sedan.. men det har ju \u00e4nd\u00e5 h\u00e4nt! Den 15 juli blev v\u00e5ran underbara unge fyra hela \u00e5r. Helt otroligt vad tiden g\u00e5r och s\u00e5\u00e5 mycket man hinner med! Jag k\u00e4nner mig lyckligt lottad som \u00e4r en del av hans liv! K\u00e4nns verkligen h\u00e4ftigt. Dagen b\u00f6rjade &hellip; <a href=\"https:\/\/oskarochjosefin.se\/index.php\/2012\/09\/16\/gusten-har-hunnit-fylla-fyra\/\" class=\"more-link\">Forts\u00e4tt l\u00e4sa <span class=\"screen-reader-text\">Gusten har hunnit fylla fyra!<\/span> <span class=\"meta-nav\">&rarr;<\/span><\/a><\/p>\n","protected":false},"author":3,"featured_media":0,"comment_status":"open","ping_status":"open","sticky":false,"template":"","format":"standard","meta":{"footnotes":""},"categories":[4],"tags":[1225,635,5,1226,945,189,259],"class_list":["post-3590","post","type-post","status-publish","format-standard","hentry","category-josefin","tag-bli-stor","tag-fylla-ar","tag-gusten","tag-juli","tag-stor","tag-underbart","tag-utveckling"],"_links":{"self":[{"href":"https:\/\/oskarochjosefin.se\/index.php\/wp-json\/wp\/v2\/posts\/3590","targetHints":{"allow":["GET"]}}],"collection":[{"href":"https:\/\/oskarochjosefin.se\/index.php\/wp-json\/wp\/v2\/posts"}],"about":[{"href":"https:\/\/oskarochjosefin.se\/index.php\/wp-json\/wp\/v2\/types\/post"}],"author":[{"embeddable":true,"href":"https:\/\/oskarochjosefin.se\/index.php\/wp-json\/wp\/v2\/users\/3"}],"replies":[{"embeddable":true,"href":"https:\/\/oskarochjosefin.se\/index.php\/wp-json\/wp\/v2\/comments?post=3590"}],"version-history":[{"count":4,"href":"https:\/\/oskarochjosefin.se\/index.php\/wp-json\/wp\/v2\/posts\/3590\/revisions"}],"predecessor-version":[{"id":3594,"href":"https:\/\/oskarochjosefin.se\/index.php\/wp-json\/wp\/v2\/posts\/3590\/revisions\/3594"}],"wp:attachment":[{"href":"https:\/\/oskarochjosefin.se\/index.php\/wp-json\/wp\/v2\/media?parent=3590"}],"wp:term":[{"taxonomy":"category","embeddable":true,"href":"https:\/\/oskarochjosefin.se\/index.php\/wp-json\/wp\/v2\/categories?post=3590"},{"taxonomy":"post_tag","embeddable":true,"href":"https:\/\/oskarochjosefin.se\/index.php\/wp-json\/wp\/v2\/tags?post=3590"}],"curies":[{"name":"wp","href":"https:\/\/api.w.org\/{rel}","templated":true}]}}