{"id":3647,"date":"2013-01-23T21:27:25","date_gmt":"2013-01-23T20:27:25","guid":{"rendered":"http:\/\/oskarochjosefin.se\/?p=3647"},"modified":"2013-01-23T21:29:58","modified_gmt":"2013-01-23T20:29:58","slug":"julie-25-ar-och-gusten-45-ar","status":"publish","type":"post","link":"https:\/\/oskarochjosefin.se\/index.php\/2013\/01\/23\/julie-25-ar-och-gusten-45-ar\/","title":{"rendered":"Julie 2,5 \u00e5r och Gusten 4,5 \u00e5r"},"content":{"rendered":"<p style=\"text-align: center;\"><a href=\"https:\/\/oskarochjosefin.se\/wp-content\/uploads\/2013\/01\/20130123-212653.jpg\"><img loading=\"lazy\" decoding=\"async\" class=\"aligncenter\" alt=\"20130123-212653.jpg\" src=\"https:\/\/oskarochjosefin.se\/wp-content\/uploads\/2013\/01\/20130123-212653.jpg\" width=\"426\" height=\"491\" \/><\/a><\/p>\n<p>Julie har ju blivit s\u00e5 stor (och till viss del \u00e4r hon ju det 2,5 \u00e5r ju). Hon kan allt sj\u00e4lv, ska ta all mat sj\u00e4lv och vi f\u00f6r\u00e4ldrar \u00e4r ofta helt \u00f6verfl\u00f6diga &#8211; summa sumarum s\u00e5 \u00e4r 3-\u00e5rs trotsen h\u00e4r. Hon kan bli v\u00e4ldigt sur och irriterad och d\u00e5 l\u00e4gger hon sig g\u00e4rna under soffbordet och surar. Hon vill aldrig ha overall p\u00e5 sig och varje p\u00e5kl\u00e4dning \u00e4r en kamp. Hon har g\u00e4rna det d\u00e4r superbusiga leendet d\u00e5 hon vet att hon g\u00f6r fel men g\u00f6r det \u00e4nd\u00e5. Som n\u00e4r hon \u00e4ter majs med skeden som ska vara i majssk\u00e5len. Hon gillar fortfarande \u201dPippi Doppholm\u201d v\u00e4ldigt mycket \u2013 men det har \u00e4ven blivit en hel del snack om \u201dbatt-tovar\u201d (ni f\u00e5r gissa sj\u00e4lv, och om det \u00e4r sv\u00e5rt s\u00e5 byt ut lite t:n mot js och k..) och det h\u00f6r v\u00e4l till. Julie \u00e4r l\u00e4ttsomnad och sover gott utan v\u00e4lling! Yay! Och det gick ju l\u00e4ttare \u00e4n vi n\u00e5gonsin hade trott att f\u00e5 henne att sluta med v\u00e4llingen (som hon \u00e4lskade) och nu somnar hon direkt efter en \u2013 tv\u00e5 b\u00f6cker (Ellen-b\u00f6ckerna \u00e4r favoriter) och n\u00e5gra \u201den sockerbagare\u201d (ofta blir det en med socker p\u00e5 och en med Herr Nilsson p\u00e5).<\/p>\n<p>Gusten \u00e4r inne i en s\u00e5 mysig och lugn period. 4,5 \u00e5ringar ftw! S\u00e5klart har han massa energi fortfarande! Han har b\u00f6rjat rita s\u00e5 himla fint \u2013 ub\u00e5tar, hus, godisaff\u00e4rer och gubbar! Och man ser vad det \u00e4r ocks\u00e5 \ud83d\ude42<\/p>\n<p>Gusten gillar att titta p\u00e5 barnkanalen p\u00e5 morgnarna \u2013 Yakari och Hurra f\u00f6r Kalle \u00e4r roligast. Han kan bli j\u00e4ttearg \u00f6ver sm\u00e5saker men lugnar sig snabbt, och tycker han att vi \u00e4r or\u00e4ttvisa mot Julie (Nej, nu f\u00e5r du inte mer sylt!) s\u00e5 M\u00c5STE han se till att hon f\u00e5r mer. Syskonen \u00e4r gulliga mot varandra ganska ofta, men kivas ocks\u00e5 om allt m\u00f6jligt. Gusten knuffar lite p\u00e5 Julie och hon kan bli och ska d\u00e5 s\u00e5klart putta tillbaka.<\/p>\n<p>S\u00e5, d\u00e4r var en liten utvecklingsuppdatering f\u00f6r v\u00e5ra sm\u00e5 gryn!<\/p>\n","protected":false},"excerpt":{"rendered":"<p>Julie har ju blivit s\u00e5 stor (och till viss del \u00e4r hon ju det 2,5 \u00e5r ju). Hon kan allt sj\u00e4lv, ska ta all mat sj\u00e4lv och vi f\u00f6r\u00e4ldrar \u00e4r ofta helt \u00f6verfl\u00f6diga &#8211; summa sumarum s\u00e5 \u00e4r 3-\u00e5rs trotsen h\u00e4r. Hon kan bli v\u00e4ldigt sur och irriterad och d\u00e5 l\u00e4gger hon sig g\u00e4rna under &hellip; <a href=\"https:\/\/oskarochjosefin.se\/index.php\/2013\/01\/23\/julie-25-ar-och-gusten-45-ar\/\" class=\"more-link\">Forts\u00e4tt l\u00e4sa <span class=\"screen-reader-text\">Julie 2,5 \u00e5r och Gusten 4,5 \u00e5r<\/span> <span class=\"meta-nav\">&rarr;<\/span><\/a><\/p>\n","protected":false},"author":3,"featured_media":0,"comment_status":"open","ping_status":"open","sticky":false,"template":"","format":"standard","meta":{"footnotes":""},"categories":[4,3],"tags":[475,802,142,1088,1100,1227,823,259],"class_list":["post-3647","post","type-post","status-publish","format-standard","hentry","category-josefin","category-oskar","tag-arg","tag-barn","tag-glad","tag-gustens-utveckling","tag-julieutveckling","tag-sotaste-barnen","tag-trots","tag-utveckling"],"_links":{"self":[{"href":"https:\/\/oskarochjosefin.se\/index.php\/wp-json\/wp\/v2\/posts\/3647","targetHints":{"allow":["GET"]}}],"collection":[{"href":"https:\/\/oskarochjosefin.se\/index.php\/wp-json\/wp\/v2\/posts"}],"about":[{"href":"https:\/\/oskarochjosefin.se\/index.php\/wp-json\/wp\/v2\/types\/post"}],"author":[{"embeddable":true,"href":"https:\/\/oskarochjosefin.se\/index.php\/wp-json\/wp\/v2\/users\/3"}],"replies":[{"embeddable":true,"href":"https:\/\/oskarochjosefin.se\/index.php\/wp-json\/wp\/v2\/comments?post=3647"}],"version-history":[{"count":6,"href":"https:\/\/oskarochjosefin.se\/index.php\/wp-json\/wp\/v2\/posts\/3647\/revisions"}],"predecessor-version":[{"id":3655,"href":"https:\/\/oskarochjosefin.se\/index.php\/wp-json\/wp\/v2\/posts\/3647\/revisions\/3655"}],"wp:attachment":[{"href":"https:\/\/oskarochjosefin.se\/index.php\/wp-json\/wp\/v2\/media?parent=3647"}],"wp:term":[{"taxonomy":"category","embeddable":true,"href":"https:\/\/oskarochjosefin.se\/index.php\/wp-json\/wp\/v2\/categories?post=3647"},{"taxonomy":"post_tag","embeddable":true,"href":"https:\/\/oskarochjosefin.se\/index.php\/wp-json\/wp\/v2\/tags?post=3647"}],"curies":[{"name":"wp","href":"https:\/\/api.w.org\/{rel}","templated":true}]}}