{"id":389,"date":"2008-03-18T21:49:32","date_gmt":"2008-03-18T20:49:32","guid":{"rendered":"http:\/\/oskarochjosefin.se\/index.php\/2008\/03\/18\/vecka-24\/"},"modified":"2008-03-18T21:52:37","modified_gmt":"2008-03-18T20:52:37","slug":"vecka-24","status":"publish","type":"post","link":"https:\/\/oskarochjosefin.se\/index.php\/2008\/03\/18\/vecka-24\/","title":{"rendered":"Vecka 24"},"content":{"rendered":"<p><em>I vecka 24 \u00e4r medelkroppsl\u00e4ngden 32 cm fr\u00e5n hj\u00e4ssa till h\u00e4l.<br \/>\nBarnet \u00e4r nu ca 21cm l\u00e5ngt mellan huvud och stj\u00e4rt och v\u00e4ger omkring 700g.<\/em><\/p>\n<p>__________<\/p>\n<p><img loading=\"lazy\" decoding=\"async\" src=\"http:\/\/bokbilder.boksson.se\/image.php?ean=9789151849973&amp;type=thumb\" align=\"right\" height=\"195\" hspace=\"10\" width=\"125\" \/>Det \u00e4r verkligen olika n\u00e4r man l\u00e4ser p\u00e5 olika sidor, s\u00e5 det finns en viss risk att m\u00e5tten och vikten kan variera lite fr\u00e5n vecka till vecka. Och just nu klipper vi inte in all den tr\u00e5kiga l\u00e4sningen om h\u00e4lsbr\u00e4nna, ryggont och s\u00e5nt. Det k\u00e4nns ju inte s\u00e5 upplyftande och det r\u00e4cker med att Josi k\u00e4nner av det, vi beh\u00f6ver inte bjuda er p\u00e5 det ocks\u00e5. \ud83d\ude09<\/p>\n<p>Vi m\u00e5r i alla fall toppenbra f\u00f6r det mesta och allt k\u00e4nns fortfarande underbart och lite overkligt, \u00e4ven om lillgrodan g\u00f6r sig mer och mer p\u00e5mind inne i magen f\u00f6r varje dag.<\/p>\n<p>Vi har ocks\u00e5 sett till att skaffa oss en fin bok &#8211; <em><a href=\"http:\/\/www.adlibris.se\/product.aspx?isbn=9151849976\" target=\"_blank\">Nya Bebishandboken : 233 vanligaste fr\u00e5gorna p\u00e5 BVC<\/a><\/em>. Verkligen hur bra som helst och vi l\u00e4ser lite i den d\u00e5 och d\u00e5. Man vill ju ha lite koll n\u00e4r det v\u00e4l blir juli. \ud83d\ude00<\/p>\n","protected":false},"excerpt":{"rendered":"<p>I vecka 24 \u00e4r medelkroppsl\u00e4ngden 32 cm fr\u00e5n hj\u00e4ssa till h\u00e4l. Barnet \u00e4r nu ca 21cm l\u00e5ngt mellan huvud och stj\u00e4rt och v\u00e4ger omkring 700g. __________ Det \u00e4r verkligen olika n\u00e4r man l\u00e4ser p\u00e5 olika sidor, s\u00e5 det finns en viss risk att m\u00e5tten och vikten kan variera lite fr\u00e5n vecka till vecka. Och just &hellip; <a href=\"https:\/\/oskarochjosefin.se\/index.php\/2008\/03\/18\/vecka-24\/\" class=\"more-link\">Forts\u00e4tt l\u00e4sa <span class=\"screen-reader-text\">Vecka 24<\/span> <span class=\"meta-nav\">&rarr;<\/span><\/a><\/p>\n","protected":false},"author":2,"featured_media":0,"comment_status":"open","ping_status":"open","sticky":false,"template":"","format":"standard","meta":{"footnotes":""},"categories":[4,3],"tags":[],"class_list":["post-389","post","type-post","status-publish","format-standard","hentry","category-josefin","category-oskar"],"_links":{"self":[{"href":"https:\/\/oskarochjosefin.se\/index.php\/wp-json\/wp\/v2\/posts\/389","targetHints":{"allow":["GET"]}}],"collection":[{"href":"https:\/\/oskarochjosefin.se\/index.php\/wp-json\/wp\/v2\/posts"}],"about":[{"href":"https:\/\/oskarochjosefin.se\/index.php\/wp-json\/wp\/v2\/types\/post"}],"author":[{"embeddable":true,"href":"https:\/\/oskarochjosefin.se\/index.php\/wp-json\/wp\/v2\/users\/2"}],"replies":[{"embeddable":true,"href":"https:\/\/oskarochjosefin.se\/index.php\/wp-json\/wp\/v2\/comments?post=389"}],"version-history":[{"count":0,"href":"https:\/\/oskarochjosefin.se\/index.php\/wp-json\/wp\/v2\/posts\/389\/revisions"}],"wp:attachment":[{"href":"https:\/\/oskarochjosefin.se\/index.php\/wp-json\/wp\/v2\/media?parent=389"}],"wp:term":[{"taxonomy":"category","embeddable":true,"href":"https:\/\/oskarochjosefin.se\/index.php\/wp-json\/wp\/v2\/categories?post=389"},{"taxonomy":"post_tag","embeddable":true,"href":"https:\/\/oskarochjosefin.se\/index.php\/wp-json\/wp\/v2\/tags?post=389"}],"curies":[{"name":"wp","href":"https:\/\/api.w.org\/{rel}","templated":true}]}}