{"id":412,"date":"2008-03-30T20:54:16","date_gmt":"2008-03-30T19:54:16","guid":{"rendered":"http:\/\/oskarochjosefin.se\/index.php\/2008\/03\/30\/bak\/"},"modified":"2008-03-30T21:04:26","modified_gmt":"2008-03-30T20:04:26","slug":"bak","status":"publish","type":"post","link":"https:\/\/oskarochjosefin.se\/index.php\/2008\/03\/30\/bak\/","title":{"rendered":"Bak"},"content":{"rendered":"<p>Jag var sugen p\u00e5 lite kanelbulledeg tidigare och f\u00f6r att stilla den hungern blev jag ju tvungen att baka kanelbullar. Sagt och gjort, ni hittar mig mitt i baket bland mobilbilderna h\u00e4r till h\u00f6ger. Och nu efter\u00e5t \u00e4r jag alldeles l\u00e4skigt m\u00e4tt p\u00e5 deg. Cia, \u00e4r det farligt att \u00e4ta f\u00f6r mycket deg? Jag k\u00e4nner hur det j\u00e4ser i magen nu.. \ud83d\ude42<\/p>\n<p><a href=\"http:\/\/farm4.static.flickr.com\/3178\/2374191467_a04971f00f_o.png\" title=\"Kanelbullar\" target=\"_blank\"><img decoding=\"async\" src=\"http:\/\/farm4.static.flickr.com\/3178\/2374191467_7ab1d82a34_m.jpg\" alt=\"Kanelbullar\" \/><\/a><\/p>\n<p>Men f\u00f6r att v\u00e4ga upp allt det onyttiga s\u00e5 fick Josi mig att baka lite grova minibullar samtidigt. Det blir till frukost imorgon! Hoppas magen lugnat ner sig tills dess..<\/p>\n<p><a href=\"http:\/\/farm3.static.flickr.com\/2322\/2374193095_bca05a8487_o.png\" title=\"Grova minibullar\" target=\"_blank\"><img decoding=\"async\" src=\"http:\/\/farm3.static.flickr.com\/2322\/2374193095_bd3548a5be_m.jpg\" alt=\"Grova minibullar\" \/><\/a><\/p>\n","protected":false},"excerpt":{"rendered":"<p>Jag var sugen p\u00e5 lite kanelbulledeg tidigare och f\u00f6r att stilla den hungern blev jag ju tvungen att baka kanelbullar. Sagt och gjort, ni hittar mig mitt i baket bland mobilbilderna h\u00e4r till h\u00f6ger. Och nu efter\u00e5t \u00e4r jag alldeles l\u00e4skigt m\u00e4tt p\u00e5 deg. Cia, \u00e4r det farligt att \u00e4ta f\u00f6r mycket deg? Jag k\u00e4nner &hellip; <a href=\"https:\/\/oskarochjosefin.se\/index.php\/2008\/03\/30\/bak\/\" class=\"more-link\">Forts\u00e4tt l\u00e4sa <span class=\"screen-reader-text\">Bak<\/span> <span class=\"meta-nav\">&rarr;<\/span><\/a><\/p>\n","protected":false},"author":2,"featured_media":0,"comment_status":"open","ping_status":"open","sticky":false,"template":"","format":"standard","meta":{"footnotes":""},"categories":[3],"tags":[],"class_list":["post-412","post","type-post","status-publish","format-standard","hentry","category-oskar"],"_links":{"self":[{"href":"https:\/\/oskarochjosefin.se\/index.php\/wp-json\/wp\/v2\/posts\/412","targetHints":{"allow":["GET"]}}],"collection":[{"href":"https:\/\/oskarochjosefin.se\/index.php\/wp-json\/wp\/v2\/posts"}],"about":[{"href":"https:\/\/oskarochjosefin.se\/index.php\/wp-json\/wp\/v2\/types\/post"}],"author":[{"embeddable":true,"href":"https:\/\/oskarochjosefin.se\/index.php\/wp-json\/wp\/v2\/users\/2"}],"replies":[{"embeddable":true,"href":"https:\/\/oskarochjosefin.se\/index.php\/wp-json\/wp\/v2\/comments?post=412"}],"version-history":[{"count":0,"href":"https:\/\/oskarochjosefin.se\/index.php\/wp-json\/wp\/v2\/posts\/412\/revisions"}],"wp:attachment":[{"href":"https:\/\/oskarochjosefin.se\/index.php\/wp-json\/wp\/v2\/media?parent=412"}],"wp:term":[{"taxonomy":"category","embeddable":true,"href":"https:\/\/oskarochjosefin.se\/index.php\/wp-json\/wp\/v2\/categories?post=412"},{"taxonomy":"post_tag","embeddable":true,"href":"https:\/\/oskarochjosefin.se\/index.php\/wp-json\/wp\/v2\/tags?post=412"}],"curies":[{"name":"wp","href":"https:\/\/api.w.org\/{rel}","templated":true}]}}