{"id":447,"date":"2008-04-15T22:56:19","date_gmt":"2008-04-15T20:56:19","guid":{"rendered":"http:\/\/oskarochjosefin.se\/index.php\/2008\/04\/15\/vecka-28\/"},"modified":"2008-04-16T11:15:27","modified_gmt":"2008-04-16T09:15:27","slug":"vecka-28","status":"publish","type":"post","link":"https:\/\/oskarochjosefin.se\/index.php\/2008\/04\/15\/vecka-28\/","title":{"rendered":"Vecka 28"},"content":{"rendered":"<p><em>Bebisen v\u00e4ger omkring 1,1 kg och \u00e4r 35 cm l\u00e5ng. Hj\u00e4rnans ytskikt b\u00f6rjar forma sin r\u00e4tta form. \u00d6gonbryn och \u00f6gonfransar har vanligtvis vuxit fram nu. Tunt och fjunigt h\u00e5r t\u00e4cker bebisens kropp. Bebisen forts\u00e4tter att v\u00e4nda p\u00e5 sig \u00e4nda fram till n\u00e5gra veckor innan f\u00f6rlossningen.<\/em><\/p>\n<p>Graviditeten truckar p\u00e5. Fr\u00e5n och med denna vecka \u00e4r Josefin &#8221;h\u00f6ggravid&#8221;. Tror vi i alla fall, beror kanske lite p\u00e5 hur man r\u00e4knar. Magen blir i alla fall lite st\u00f6rre f\u00f6r var dag och den \u00e4r s\u00e5 rund och fin. M\u00f6jligtvis det finaste jag n\u00e5gonsin sett faktiskt. I alla fall topp tio. \ud83d\ude00<\/p>\n<p>Annars \u00e4r det ganska l\u00e5g aktivitet p\u00e5 bloggen nu. Vi har haft lite mer \u00e4n vanligt att st\u00e5 i. Imorgon \u00e5ker jag till Gotland och jobbar och stannar minst en vecka. S\u00e5 nu blir det en dusch och sen bums i s\u00e4ng. Och fr\u00e5n och med nu f\u00e5r ni h\u00f6ra fr\u00e5n mig och Josi fr\u00e5n varsitt h\u00e5ll. Det kommer sk\u00e4nka bloggen ytterligare en dimension.<\/p>\n<p>Vi h\u00f6rs!<\/p>\n","protected":false},"excerpt":{"rendered":"<p>Bebisen v\u00e4ger omkring 1,1 kg och \u00e4r 35 cm l\u00e5ng. Hj\u00e4rnans ytskikt b\u00f6rjar forma sin r\u00e4tta form. \u00d6gonbryn och \u00f6gonfransar har vanligtvis vuxit fram nu. Tunt och fjunigt h\u00e5r t\u00e4cker bebisens kropp. Bebisen forts\u00e4tter att v\u00e4nda p\u00e5 sig \u00e4nda fram till n\u00e5gra veckor innan f\u00f6rlossningen. Graviditeten truckar p\u00e5. Fr\u00e5n och med denna vecka \u00e4r Josefin &hellip; <a href=\"https:\/\/oskarochjosefin.se\/index.php\/2008\/04\/15\/vecka-28\/\" class=\"more-link\">Forts\u00e4tt l\u00e4sa <span class=\"screen-reader-text\">Vecka 28<\/span> <span class=\"meta-nav\">&rarr;<\/span><\/a><\/p>\n","protected":false},"author":2,"featured_media":0,"comment_status":"open","ping_status":"open","sticky":false,"template":"","format":"standard","meta":{"footnotes":""},"categories":[3],"tags":[],"class_list":["post-447","post","type-post","status-publish","format-standard","hentry","category-oskar"],"_links":{"self":[{"href":"https:\/\/oskarochjosefin.se\/index.php\/wp-json\/wp\/v2\/posts\/447","targetHints":{"allow":["GET"]}}],"collection":[{"href":"https:\/\/oskarochjosefin.se\/index.php\/wp-json\/wp\/v2\/posts"}],"about":[{"href":"https:\/\/oskarochjosefin.se\/index.php\/wp-json\/wp\/v2\/types\/post"}],"author":[{"embeddable":true,"href":"https:\/\/oskarochjosefin.se\/index.php\/wp-json\/wp\/v2\/users\/2"}],"replies":[{"embeddable":true,"href":"https:\/\/oskarochjosefin.se\/index.php\/wp-json\/wp\/v2\/comments?post=447"}],"version-history":[{"count":0,"href":"https:\/\/oskarochjosefin.se\/index.php\/wp-json\/wp\/v2\/posts\/447\/revisions"}],"wp:attachment":[{"href":"https:\/\/oskarochjosefin.se\/index.php\/wp-json\/wp\/v2\/media?parent=447"}],"wp:term":[{"taxonomy":"category","embeddable":true,"href":"https:\/\/oskarochjosefin.se\/index.php\/wp-json\/wp\/v2\/categories?post=447"},{"taxonomy":"post_tag","embeddable":true,"href":"https:\/\/oskarochjosefin.se\/index.php\/wp-json\/wp\/v2\/tags?post=447"}],"curies":[{"name":"wp","href":"https:\/\/api.w.org\/{rel}","templated":true}]}}