{"id":474,"date":"2008-05-02T19:07:42","date_gmt":"2008-05-02T17:07:42","guid":{"rendered":"http:\/\/oskarochjosefin.se\/index.php\/2008\/05\/02\/skotbordet\/"},"modified":"2008-05-02T19:07:42","modified_gmt":"2008-05-02T17:07:42","slug":"skotbordet","status":"publish","type":"post","link":"https:\/\/oskarochjosefin.se\/index.php\/2008\/05\/02\/skotbordet\/","title":{"rendered":"Sk\u00f6tbordet"},"content":{"rendered":"<p>Ig\u00e5r tog vi tid f\u00f6r att bygga ihop sk\u00f6tbordet som vi inhandlade p\u00e5 IKEA f\u00f6r n\u00e5gra dagar sen. Trots att det var lite fel p\u00e5 &#8221;ritningarna&#8221; s\u00e5 fick vi faktiskt ihop det ganska bra. Jag drog runt varje skruv lite extra h\u00e5rt eftersom bebben ska anv\u00e4nda bordet en hel del sen. S\u00e5 h\u00e4r blev det i alla fall. De tre randiga bodysarna har vi k\u00f6pt och den vita med apor var den vi fick fr\u00e5n Andreas och \u00c5sa. I hyllan d\u00e4r uppe ligger Bebishandboken, haklappen som vi f\u00e5tt av MariaPia och hennes mamma, duschkappan som vi f\u00e5tt fr\u00e5n MariaPia och Roger och n\u00e5gra extra handdukar till sk\u00f6tbordet. Det g\u00e5r sakta fram\u00e5t det h\u00e4r, med babysteg passande nog.<\/p>\n<p><a href=\"http:\/\/www.flickr.com\/photos\/24587754@N08\/2458907953\/\" target=\"_blank\"><img loading=\"lazy\" decoding=\"async\" src=\"http:\/\/farm3.static.flickr.com\/2357\/2458907953_f3a5b6341d_m.jpg\" title=\"Sk\u00f6tbordet\" alt=\"Sk\u00f6tbordet\" height=\"158\" hspace=\"5\" width=\"118\" \/><\/a><a href=\"http:\/\/www.flickr.com\/photos\/24587754@N08\/2459743432\/\" target=\"_blank\"><img loading=\"lazy\" decoding=\"async\" src=\"http:\/\/farm4.static.flickr.com\/3191\/2459743432_1d7ecd24c5_m.jpg\" title=\"Babykl\u00e4der\" alt=\"Babykl\u00e4der\" height=\"158\" hspace=\"5\" width=\"118\" \/><\/a><a href=\"http:\/\/www.flickr.com\/photos\/24587754@N08\/2459855124\/\" target=\"_blank\"><img loading=\"lazy\" decoding=\"async\" src=\"http:\/\/farm3.static.flickr.com\/2051\/2459855124_18143beee8_m.jpg\" title=\"Babytillbeh\u00f6r\" alt=\"Babytillbeh\u00f6r\" height=\"158\" hspace=\"5\" width=\"118\" \/><\/a><\/p>\n<p>Nu kom Sara och vi ska h\u00e4nga med henne. Sen s\u00e5 kommer mina f\u00f6r\u00e4ldrar och bror i natt. Roligt! Vi h\u00f6rs!<\/p>\n","protected":false},"excerpt":{"rendered":"<p>Ig\u00e5r tog vi tid f\u00f6r att bygga ihop sk\u00f6tbordet som vi inhandlade p\u00e5 IKEA f\u00f6r n\u00e5gra dagar sen. Trots att det var lite fel p\u00e5 &#8221;ritningarna&#8221; s\u00e5 fick vi faktiskt ihop det ganska bra. Jag drog runt varje skruv lite extra h\u00e5rt eftersom bebben ska anv\u00e4nda bordet en hel del sen. S\u00e5 h\u00e4r blev det &hellip; <a href=\"https:\/\/oskarochjosefin.se\/index.php\/2008\/05\/02\/skotbordet\/\" class=\"more-link\">Forts\u00e4tt l\u00e4sa <span class=\"screen-reader-text\">Sk\u00f6tbordet<\/span> <span class=\"meta-nav\">&rarr;<\/span><\/a><\/p>\n","protected":false},"author":2,"featured_media":0,"comment_status":"open","ping_status":"open","sticky":false,"template":"","format":"standard","meta":{"footnotes":""},"categories":[3],"tags":[],"class_list":["post-474","post","type-post","status-publish","format-standard","hentry","category-oskar"],"_links":{"self":[{"href":"https:\/\/oskarochjosefin.se\/index.php\/wp-json\/wp\/v2\/posts\/474","targetHints":{"allow":["GET"]}}],"collection":[{"href":"https:\/\/oskarochjosefin.se\/index.php\/wp-json\/wp\/v2\/posts"}],"about":[{"href":"https:\/\/oskarochjosefin.se\/index.php\/wp-json\/wp\/v2\/types\/post"}],"author":[{"embeddable":true,"href":"https:\/\/oskarochjosefin.se\/index.php\/wp-json\/wp\/v2\/users\/2"}],"replies":[{"embeddable":true,"href":"https:\/\/oskarochjosefin.se\/index.php\/wp-json\/wp\/v2\/comments?post=474"}],"version-history":[{"count":0,"href":"https:\/\/oskarochjosefin.se\/index.php\/wp-json\/wp\/v2\/posts\/474\/revisions"}],"wp:attachment":[{"href":"https:\/\/oskarochjosefin.se\/index.php\/wp-json\/wp\/v2\/media?parent=474"}],"wp:term":[{"taxonomy":"category","embeddable":true,"href":"https:\/\/oskarochjosefin.se\/index.php\/wp-json\/wp\/v2\/categories?post=474"},{"taxonomy":"post_tag","embeddable":true,"href":"https:\/\/oskarochjosefin.se\/index.php\/wp-json\/wp\/v2\/tags?post=474"}],"curies":[{"name":"wp","href":"https:\/\/api.w.org\/{rel}","templated":true}]}}