{"id":555,"date":"2008-06-23T20:41:30","date_gmt":"2008-06-23T18:41:30","guid":{"rendered":"http:\/\/oskarochjosefin.se\/?p=555"},"modified":"2008-06-23T20:42:36","modified_gmt":"2008-06-23T18:42:36","slug":"dag-och-natt","status":"publish","type":"post","link":"https:\/\/oskarochjosefin.se\/index.php\/2008\/06\/23\/dag-och-natt\/","title":{"rendered":"Dag och natt"},"content":{"rendered":"<p>Jag s\u00e5g <a href=\"http:\/\/abc.go.com\/primetime\/xtremehome\/index?pn=index\" target=\"_blank\"><em>Extreme Makeover: Home Edition<\/em><\/a> p\u00e5 TV3 tidigare idag och nu tittar jag p\u00e5 SVT:s <a href=\"http:\/\/svt.se\/svt\/jsp\/Crosslink.jsp?d=37153\" target=\"_blank\"><em>Sommartorpet<\/em><\/a>. Herregud, vilken skillnad. Detta \u00e4r kanske sj\u00e4lvklart f\u00f6r alla andra, men det blir s\u00e5 otroligt tydligt varf\u00f6r b\u00e5da kanalerna kan fungera sida vid sida. F\u00f6rutom skillnader p\u00e5 sj\u00e4lva temat och p\u00e5 budskapen som programmen vill f\u00f6rmedla s\u00e5 sticker <em>tempot <\/em>ut som den st\u00f6rsta skillnaden. P\u00e5 TV3 skriker de hela tiden, more is more och klippningen vilar p\u00e5 n\u00e5gon form av MTV-estetik. P\u00e5 SVT kan man l\u00e5ta tv\u00e5 h\u00e4star st\u00e5 och tugga i bild i 30 sekunder utan att det bryter av mot resten av programmet.<\/p>\n<p>TV3 stressar upp mig och SVT f\u00e5r mig n\u00e4stan att somna. Sorligt som det kanske l\u00e5ter s\u00e5 v\u00e4ljer jag det senare 10 g\u00e5nger av 10. Men sen s\u00e5 har jag ju alltid gillat drama mer \u00e4n action ocks\u00e5.<\/p>\n","protected":false},"excerpt":{"rendered":"<p>Jag s\u00e5g Extreme Makeover: Home Edition p\u00e5 TV3 tidigare idag och nu tittar jag p\u00e5 SVT:s Sommartorpet. Herregud, vilken skillnad. Detta \u00e4r kanske sj\u00e4lvklart f\u00f6r alla andra, men det blir s\u00e5 otroligt tydligt varf\u00f6r b\u00e5da kanalerna kan fungera sida vid sida. F\u00f6rutom skillnader p\u00e5 sj\u00e4lva temat och p\u00e5 budskapen som programmen vill f\u00f6rmedla s\u00e5 sticker &hellip; <a href=\"https:\/\/oskarochjosefin.se\/index.php\/2008\/06\/23\/dag-och-natt\/\" class=\"more-link\">Forts\u00e4tt l\u00e4sa <span class=\"screen-reader-text\">Dag och natt<\/span> <span class=\"meta-nav\">&rarr;<\/span><\/a><\/p>\n","protected":false},"author":2,"featured_media":0,"comment_status":"open","ping_status":"open","sticky":false,"template":"","format":"standard","meta":{"footnotes":""},"categories":[3],"tags":[],"class_list":["post-555","post","type-post","status-publish","format-standard","hentry","category-oskar"],"_links":{"self":[{"href":"https:\/\/oskarochjosefin.se\/index.php\/wp-json\/wp\/v2\/posts\/555","targetHints":{"allow":["GET"]}}],"collection":[{"href":"https:\/\/oskarochjosefin.se\/index.php\/wp-json\/wp\/v2\/posts"}],"about":[{"href":"https:\/\/oskarochjosefin.se\/index.php\/wp-json\/wp\/v2\/types\/post"}],"author":[{"embeddable":true,"href":"https:\/\/oskarochjosefin.se\/index.php\/wp-json\/wp\/v2\/users\/2"}],"replies":[{"embeddable":true,"href":"https:\/\/oskarochjosefin.se\/index.php\/wp-json\/wp\/v2\/comments?post=555"}],"version-history":[{"count":0,"href":"https:\/\/oskarochjosefin.se\/index.php\/wp-json\/wp\/v2\/posts\/555\/revisions"}],"wp:attachment":[{"href":"https:\/\/oskarochjosefin.se\/index.php\/wp-json\/wp\/v2\/media?parent=555"}],"wp:term":[{"taxonomy":"category","embeddable":true,"href":"https:\/\/oskarochjosefin.se\/index.php\/wp-json\/wp\/v2\/categories?post=555"},{"taxonomy":"post_tag","embeddable":true,"href":"https:\/\/oskarochjosefin.se\/index.php\/wp-json\/wp\/v2\/tags?post=555"}],"curies":[{"name":"wp","href":"https:\/\/api.w.org\/{rel}","templated":true}]}}